{"id":63127,"date":"2023-12-12T11:30:00","date_gmt":"2023-12-12T17:30:00","guid":{"rendered":"http:\/\/www.zonaroja.com.mx\/?p=63127"},"modified":"2023-12-12T07:13:36","modified_gmt":"2023-12-12T13:13:36","slug":"logra-fiscalia-sentencia-de-46-anos-contra-sujeto-que-violo-a-una-adolescente","status":"publish","type":"post","link":"https:\/\/zonaroja.com.mx\/?p=63127","title":{"rendered":"Logra Fiscal\u00eda sentencia de 46 a\u00f1os contra sujeto que viol\u00f3 a una adolescente"},"content":{"rendered":"\n<p>Redacci\u00f3n\/Zona Roja.<\/p>\n\n\n\n<p>Oaxaca de Ju\u00e1rez, Oax., a 12 de diciembre de 2023.- El trabajo ministerial con perspectiva de g\u00e9nero e infancia y adolescencia que realiza la Fiscal\u00eda General del Estado de Oaxaca (FGEO), permiti\u00f3 la obtenci\u00f3n de una sentencia condenatoria de 46 a\u00f1os de prisi\u00f3n en contra de Juan F. O., responsable de los delitos de Violaci\u00f3n y Violaci\u00f3n tumultuaria cometidos en agravio de una adolescente, hechos que sucedieron en la regi\u00f3n del Istmo de Tehuantepec.<\/p>\n\n\n\n<p>Conforme a lo establecido en el expediente penal del caso, la primera agresi\u00f3n sexual ocurri\u00f3 el 10 de septiembre de 2020, cuando la v\u00edctima (cuya identidad est\u00e1 reservada por ley) ten\u00eda 12 a\u00f1os de edad, y se encontraba en la colonia Benito Ju\u00e1rez de San Mateo del Mar, donde lleg\u00f3 Juan F. O., quien hizo uso de una sustancia qu\u00edmica para adormecer a la adolescente, quien despert\u00f3 en una parcela lejana, momento en que se percat\u00f3 que su agresor la hab\u00eda atacado sexualmente, consumando el delito de Violaci\u00f3n.<\/p>\n\n\n\n<p>La segunda agresi\u00f3n se registr\u00f3 el 5 de octubre de 2021, de acuerdo con lo establecido por la FGEO a trav\u00e9s de las investigaciones ministeriales, la v\u00edctima fue llevada a un lugar en los alrededores de la Avenida Hidalgo en la Colonia Benito Ju\u00e1rez, tambi\u00e9n en San Mateo del Mar, donde Juan F. O. nuevamente us\u00f3 una sustancia qu\u00edmica para que la adolescente perdiera el conocimiento, lo que aprovech\u00f3 \u00e9l y otra persona, para agredirla sexualmente, conducta criminal tipificada como Violaci\u00f3n Tumultuaria.<\/p>\n\n\n\n<p>La Fiscal\u00eda de Oaxaca tuvo conocimiento del caso a partir de la denuncia puesta por la v\u00edctima, por lo que se iniciaron las investigaciones al respecto, las cuales corrieron a cargo de la Vicefiscal\u00eda Regional del Istmo, que obtuvo la orden de aprehensi\u00f3n con la que logr\u00f3 la detenci\u00f3n del imputado para someterlo a un proceso penal.&nbsp;<\/p>\n\n\n\n<p>Gracias a las pruebas aportadas por la FGEO en torno al caso, el Juez tuvo los elementos jur\u00eddicos suficientes para dictar condenatorio en contra de Juan F. O., quien tendr\u00e1 que purgar una sentencia de 46 a\u00f1os con seis meses de prisi\u00f3n, adem\u00e1s que est\u00e1 obligado a pagar m\u00e1s de 190 mil pesos por concepto de reparaci\u00f3n del da\u00f1o y multa.<\/p>\n\n\n\n<p>Los casos de violencia sexual contra ni\u00f1as, ni\u00f1os y adolescentes forman parte de la agenda prioritaria de la Fiscal\u00eda de Oaxaca, para que este sector social tenga la oportunidad de vivir una vida libre de violencia.<\/p>\n","protected":false},"excerpt":{"rendered":"<p>Redacci\u00f3n\/Zona Roja. Oaxaca de Ju\u00e1rez, Oax., a 12 de diciembre de 2023.- El trabajo ministerial&hellip;<\/p>\n","protected":false},"author":2,"featured_media":42253,"comment_status":"closed","ping_status":"open","sticky":false,"template":"","format":"standard","meta":{"_lmt_disableupdate":"","_lmt_disable":"","_jetpack_memberships_contains_paid_content":false,"footnotes":""},"categories":[109,46],"tags":[494],"class_list":["post-63127","post","type-post","status-publish","format-standard","has-post-thumbnail","hentry","category-minuto-a-minuto","category-zona-blanca","tag-fiscalia-general-del-estado-de-oaxaca"],"jetpack_featured_media_url":"https:\/\/zonaroja.com.mx\/wp-content\/uploads\/2022\/06\/Tribunal-sentencia-2.jpeg","jetpack_sharing_enabled":true,"_links":{"self":[{"href":"https:\/\/zonaroja.com.mx\/index.php?rest_route=\/wp\/v2\/posts\/63127","targetHints":{"allow":["GET"]}}],"collection":[{"href":"https:\/\/zonaroja.com.mx\/index.php?rest_route=\/wp\/v2\/posts"}],"about":[{"href":"https:\/\/zonaroja.com.mx\/index.php?rest_route=\/wp\/v2\/types\/post"}],"author":[{"embeddable":true,"href":"https:\/\/zonaroja.com.mx\/index.php?rest_route=\/wp\/v2\/users\/2"}],"replies":[{"embeddable":true,"href":"https:\/\/zonaroja.com.mx\/index.php?rest_route=%2Fwp%2Fv2%2Fcomments&post=63127"}],"version-history":[{"count":1,"href":"https:\/\/zonaroja.com.mx\/index.php?rest_route=\/wp\/v2\/posts\/63127\/revisions"}],"predecessor-version":[{"id":63128,"href":"https:\/\/zonaroja.com.mx\/index.php?rest_route=\/wp\/v2\/posts\/63127\/revisions\/63128"}],"wp:featuredmedia":[{"embeddable":true,"href":"https:\/\/zonaroja.com.mx\/index.php?rest_route=\/wp\/v2\/media\/42253"}],"wp:attachment":[{"href":"https:\/\/zonaroja.com.mx\/index.php?rest_route=%2Fwp%2Fv2%2Fmedia&parent=63127"}],"wp:term":[{"taxonomy":"category","embeddable":true,"href":"https:\/\/zonaroja.com.mx\/index.php?rest_route=%2Fwp%2Fv2%2Fcategories&post=63127"},{"taxonomy":"post_tag","embeddable":true,"href":"https:\/\/zonaroja.com.mx\/index.php?rest_route=%2Fwp%2Fv2%2Ftags&post=63127"}],"curies":[{"name":"wp","href":"https:\/\/api.w.org\/{rel}","templated":true}]}}