{"id":6313,"date":"2019-12-03T17:19:21","date_gmt":"2019-12-03T23:19:21","guid":{"rendered":"https:\/\/www.zonaroja.com.mx\/?p=6313"},"modified":"2019-12-03T17:19:24","modified_gmt":"2019-12-03T23:19:24","slug":"mas-de-7-millones-de-personas-en-mexico-tienen-algun-tipo-de-discapacidad","status":"publish","type":"post","link":"https:\/\/zonaroja.com.mx\/?p=6313","title":{"rendered":"M\u00e1s de 7 millones de personas en M\u00e9xico tienen alg\u00fan tipo de discapacidad"},"content":{"rendered":"\n<p>Evlin Arag\u00f3n\/Zona Roja.<\/p>\n\n\n\n<p>Oaxaca de Ju\u00e1rez, Oax.,&nbsp;En el marco del D\u00eda Internacional de las Personas con Discapacidad y derivado de los datos expuestos en el 2018 por la Encuesta Nacional de la Din\u00e1mica Demogr\u00e1fica (ENADID), en M\u00e9xico 7.7 millones de personas de 5 a\u00f1os o m\u00e1s tienen alg\u00fan tipo de discapacidad.<\/p>\n\n\n\n<p>Lo anterior representa el 6.7 por ciento de la poblaci\u00f3n mexicana, la cual distribuida por edad y sexo permite identificar c\u00f3mo se concentra este grupo de poblaci\u00f3n; en las mujeres representa 54.2% y por la edad de las personas y la condici\u00f3n de discapacidad; la mitad (49.9%) son personas adultas mayores.<\/p>\n\n\n\n<p>Por entidad federativa, los estados con mayor prevalencia de poblaci\u00f3n con discapacidad son: Zacatecas con el 10.4 por ciento de su poblaci\u00f3n, Tabasco y Guerrero con 9.8 y 9.4 por ciento, respectivamente. Mientras que los estados que concentran las prevalencias m\u00e1s bajas son: Chiapas Nuevo Le\u00f3n y Quintana Roo.<\/p>\n\n\n\n<p>Los resultados de la ENADID 2018, muestran que caminar, subir o bajar usando sus piernas y ver aunque use lentes son las actividades m\u00e1s declaradas con el 53.3 y 39.6 por ciento, respectivamente, seguidas de aprender, recordar o concentrarse; escuchar, aunque use aparato auditivo; y mover o usar sus sus brazos.<\/p>\n\n\n\n<p>Las discapacidades declaradas como parte de la encuesta, son en su mayor\u00eda consecuencia de alg\u00fan tipo de enfermedad con un 44,4 por ciento de incidencia, seguida de problemas originados antes o durante el nacimiento de la persona con 27.2 por ciento.&nbsp;<\/p>\n\n\n\n<p>En M\u00e9xico las personas con discapacidad tiene el 12 por ciento menos de probabilidades de acceder a la educaci\u00f3n p\u00fablica, reforzando las declaraciones de la UNESCO que se\u00f1al\u00f3 que este sector de la poblaci\u00f3n tiene menos probabilidades de asistir a la escuela y adquirir las habilidades b\u00e1sicas de alfabetizaci\u00f3n.<\/p>\n\n\n\n<p>Mientras que en el rubro de actividad econ\u00f3mica, la poblaci\u00f3n con discapacidad experimenta mayores tasas de desempleo e inactividad econ\u00f3mica en comparaci\u00f3n con las personas sin discapacidad,&nbsp;los datos de la ENADID 2018, muestran una amplia diferencia en la tasa de participaci\u00f3n econ\u00f3mica; entre quienes no tienen discapacidad, la tasa alcanza 65.4 por ciento; mientras en la poblaci\u00f3n con discapacidad este indicador llega al 38.5 por ciento datos que evidencian la poca participaci\u00f3n econ\u00f3mica de la poblaci\u00f3n con discapacidad.<br class=\"Apple-interchange-newline\" \/><\/p>\n","protected":false},"excerpt":{"rendered":"<p>Evlin Arag\u00f3n\/Zona Roja. Oaxaca de Ju\u00e1rez, Oax.,&nbsp;En el marco del D\u00eda Internacional de las Personas&hellip;<\/p>\n","protected":false},"author":2,"featured_media":6312,"comment_status":"closed","ping_status":"open","sticky":false,"template":"","format":"standard","meta":{"_lmt_disableupdate":"","_lmt_disable":"","_jetpack_memberships_contains_paid_content":false,"footnotes":""},"categories":[109,47],"tags":[],"class_list":["post-6313","post","type-post","status-publish","format-standard","has-post-thumbnail","hentry","category-minuto-a-minuto","category-zona-gris"],"jetpack_featured_media_url":"https:\/\/zonaroja.com.mx\/wp-content\/uploads\/2019\/12\/img_5254.jpg","jetpack_sharing_enabled":true,"_links":{"self":[{"href":"https:\/\/zonaroja.com.mx\/index.php?rest_route=\/wp\/v2\/posts\/6313","targetHints":{"allow":["GET"]}}],"collection":[{"href":"https:\/\/zonaroja.com.mx\/index.php?rest_route=\/wp\/v2\/posts"}],"about":[{"href":"https:\/\/zonaroja.com.mx\/index.php?rest_route=\/wp\/v2\/types\/post"}],"author":[{"embeddable":true,"href":"https:\/\/zonaroja.com.mx\/index.php?rest_route=\/wp\/v2\/users\/2"}],"replies":[{"embeddable":true,"href":"https:\/\/zonaroja.com.mx\/index.php?rest_route=%2Fwp%2Fv2%2Fcomments&post=6313"}],"version-history":[{"count":1,"href":"https:\/\/zonaroja.com.mx\/index.php?rest_route=\/wp\/v2\/posts\/6313\/revisions"}],"predecessor-version":[{"id":6314,"href":"https:\/\/zonaroja.com.mx\/index.php?rest_route=\/wp\/v2\/posts\/6313\/revisions\/6314"}],"wp:featuredmedia":[{"embeddable":true,"href":"https:\/\/zonaroja.com.mx\/index.php?rest_route=\/wp\/v2\/media\/6312"}],"wp:attachment":[{"href":"https:\/\/zonaroja.com.mx\/index.php?rest_route=%2Fwp%2Fv2%2Fmedia&parent=6313"}],"wp:term":[{"taxonomy":"category","embeddable":true,"href":"https:\/\/zonaroja.com.mx\/index.php?rest_route=%2Fwp%2Fv2%2Fcategories&post=6313"},{"taxonomy":"post_tag","embeddable":true,"href":"https:\/\/zonaroja.com.mx\/index.php?rest_route=%2Fwp%2Fv2%2Ftags&post=6313"}],"curies":[{"name":"wp","href":"https:\/\/api.w.org\/{rel}","templated":true}]}}