{"id":63133,"date":"2023-12-12T10:30:00","date_gmt":"2023-12-12T16:30:00","guid":{"rendered":"http:\/\/www.zonaroja.com.mx\/?p=63133"},"modified":"2023-12-12T07:38:25","modified_gmt":"2023-12-12T13:38:25","slug":"condenan-ataques-de-violencia-politica-contra-claudia-sheinbaum","status":"publish","type":"post","link":"https:\/\/zonaroja.com.mx\/?p=63133","title":{"rendered":"Condenan ataques de violencia pol\u00edtica contra Claudia Sheinbaum"},"content":{"rendered":"\n<p>Redacci\u00f3n\/Zona Roja Cdmx.<\/p>\n\n\n\n<p>Ciudad de M\u00e9xico, a 12 de diciembre de 2023.- Las cofundadoras del Movimiento Nacional de Mujeres \u201cPor Ella, Por Todas\u201d, Lorena Villavicencio Ayala, Mariana Ben\u00edtez Tiburcio y Teresa Ramos Arreola, as\u00ed como mujeres integrantes del Consejo Consultivo, manifestaron su m\u00e1s en\u00e9rgica indignaci\u00f3n por la publicaci\u00f3n n\u00famero 3678 que circul\u00f3 el pasado viernes 8 de diciembre del presente a\u00f1o, de la revista Siempre, dirigida por la se\u00f1ora Beatriz Pages,&nbsp;en la que se exhibe la silueta de la doctora Claudia Sheinbaum Pardo de perfil, con un list\u00f3n de su\u00e1sticas, el s\u00edmbolo de un r\u00e9gimen como el nazismo que cometi\u00f3 una de los m\u00e1s graves genocidios de la humanidad durante la Segunda Guerra Mundial. &nbsp;<\/p>\n\n\n\n<p>Como mujeres dem\u00f3cratas se\u00f1alaron que respetan la pluralidad pol\u00edtica, fundamento de la democracia y la libertad de expresi\u00f3n, y le recordaron a la se\u00f1ora Beatriz Pages que el art\u00edculo 6 de la Constituci\u00f3n Pol\u00edtica de nuestro pa\u00eds, el cual tutela la libertad de expresi\u00f3n, establece un l\u00edmite al ejercicio de este derecho, que es el ataque a la moral o afectaci\u00f3n de un tercero.&nbsp;<\/p>\n\n\n\n<p>\u201cEs importante se\u00f1alar que todos los derechos constitucionales tienen como l\u00edmite el derecho de las dem\u00e1s personas. Hacer un paralelismo entre la doctora Claudia Sheinbaum con uno de los eventos m\u00e1s funestos de la historia, no solo representa por s\u00ed mismo violencia pol\u00edtica, sino un acto de degradaci\u00f3n a la dignidad de una mujer que por el contrario, ha defendido por encima de cualquier circunstancia los derechos y las libertades de las personas\u201d, expresaron. &nbsp;<\/p>\n\n\n\n<p>Reprobaron de forma contundente los ataques y la violencia pol\u00edtica contenida en dicha publicaci\u00f3n contra la doctora Claudia Sheinbaum y expresaron en forma clara y firme que no van a permitir que las campa\u00f1as negras una vez m\u00e1s, sean el instrumento para denostar e invalidar a las mujeres que en pleno ejercicio de &nbsp;sus derechos pol\u00edticos pretenden contender a un cargo de elecci\u00f3n popular. \u201cNo lo aceptaremos con respecto a la doctora Claudia Sheinbaum, ni respecto a ninguna otra mujer, sea del partido pol\u00edtico que sea\u201d, afirmaron. &nbsp;<\/p>\n\n\n\n<p>Por todo lo anterior, las cofundadoras nacionales de \u201dPor Ella, Por Todas\u201d refirieron que este movimiento nacional de mujeres se suma a la exigencia dirigida al Instituto Nacional Electoral para que se retire esta publicaci\u00f3n que afecta la dignidad de una mujer y que tome medidas para cerrarle paso a las campa\u00f1as sucias contra cualquier candidata o candidato.&nbsp;<\/p>\n\n\n\n<p>\u201cPor Ella, Por Todas\u201d, como movimiento amplio de mujeres con representaci\u00f3n en todo el pa\u00eds convoc\u00f3 a promover un clima de civilidad en la antesala del inicio de las campa\u00f1as electorales, a promover ideas y propuestas para que la ciudadan\u00eda pueda hacer una valoraci\u00f3n de las ofertas pol\u00edticas en disputa, la trayectoria y experiencia de las futuras candidatas o candidatos, pues, ser\u00e1n al final ser\u00e1n las y los ciudadanos quienes definan libremente con su voto por la mejor opci\u00f3n.&nbsp;<\/p>\n\n\n\n<p>Finalmente, reconocieron en la doctora Claudia Sheinbaum su lenguaje civilizado y respetuoso, donde las propuestas han definido su transitar como precandidata a la Presidencia de la Rep\u00fablica en el proceso electoral en curso.&nbsp;<\/p>\n\n\n\n<p>Desde el \u00e1mbito de la sociedad civil y del activismo, el movimiento \u201cPor Ella, Por Todas\u201d afirm\u00f3 que seguir\u00e1 contribuyendo en el fortalecimiento de la agenda nacional pendiente en el pa\u00eds.<\/p>\n","protected":false},"excerpt":{"rendered":"<p>Redacci\u00f3n\/Zona Roja Cdmx. Ciudad de M\u00e9xico, a 12 de diciembre de 2023.- Las cofundadoras del&hellip;<\/p>\n","protected":false},"author":2,"featured_media":61065,"comment_status":"closed","ping_status":"open","sticky":false,"template":"","format":"standard","meta":{"_lmt_disableupdate":"","_lmt_disable":"","_jetpack_memberships_contains_paid_content":false,"footnotes":""},"categories":[109,46],"tags":[3370,3704],"class_list":["post-63133","post","type-post","status-publish","format-standard","has-post-thumbnail","hentry","category-minuto-a-minuto","category-zona-blanca","tag-claudia-sheinbaum","tag-movimiento-por-ellas-por-todos"],"jetpack_featured_media_url":"https:\/\/zonaroja.com.mx\/wp-content\/uploads\/2023\/10\/Movimiento-por-ella-por-todas.png","jetpack_sharing_enabled":true,"_links":{"self":[{"href":"https:\/\/zonaroja.com.mx\/index.php?rest_route=\/wp\/v2\/posts\/63133","targetHints":{"allow":["GET"]}}],"collection":[{"href":"https:\/\/zonaroja.com.mx\/index.php?rest_route=\/wp\/v2\/posts"}],"about":[{"href":"https:\/\/zonaroja.com.mx\/index.php?rest_route=\/wp\/v2\/types\/post"}],"author":[{"embeddable":true,"href":"https:\/\/zonaroja.com.mx\/index.php?rest_route=\/wp\/v2\/users\/2"}],"replies":[{"embeddable":true,"href":"https:\/\/zonaroja.com.mx\/index.php?rest_route=%2Fwp%2Fv2%2Fcomments&post=63133"}],"version-history":[{"count":1,"href":"https:\/\/zonaroja.com.mx\/index.php?rest_route=\/wp\/v2\/posts\/63133\/revisions"}],"predecessor-version":[{"id":63134,"href":"https:\/\/zonaroja.com.mx\/index.php?rest_route=\/wp\/v2\/posts\/63133\/revisions\/63134"}],"wp:featuredmedia":[{"embeddable":true,"href":"https:\/\/zonaroja.com.mx\/index.php?rest_route=\/wp\/v2\/media\/61065"}],"wp:attachment":[{"href":"https:\/\/zonaroja.com.mx\/index.php?rest_route=%2Fwp%2Fv2%2Fmedia&parent=63133"}],"wp:term":[{"taxonomy":"category","embeddable":true,"href":"https:\/\/zonaroja.com.mx\/index.php?rest_route=%2Fwp%2Fv2%2Fcategories&post=63133"},{"taxonomy":"post_tag","embeddable":true,"href":"https:\/\/zonaroja.com.mx\/index.php?rest_route=%2Fwp%2Fv2%2Ftags&post=63133"}],"curies":[{"name":"wp","href":"https:\/\/api.w.org\/{rel}","templated":true}]}}