{"id":63137,"date":"2023-12-12T11:40:00","date_gmt":"2023-12-12T17:40:00","guid":{"rendered":"http:\/\/www.zonaroja.com.mx\/?p=63137"},"modified":"2023-12-12T07:46:32","modified_gmt":"2023-12-12T13:46:32","slug":"con-amparo-asociacion-civil-busca-declarar-a-sitio-guiengola-como-monumento-arqueologico","status":"publish","type":"post","link":"https:\/\/zonaroja.com.mx\/?p=63137","title":{"rendered":"Con amparo, asociaci\u00f3n civil busca declarar a sitio Guiengola como monumento arqueol\u00f3gico"},"content":{"rendered":"\n<p>Redacci\u00f3n\/Zona Roja.<\/p>\n\n\n\n<p>Oaxaca de Ju\u00e1rez, Oax., a 12 de diciembre de 2023.- Carlos Morales S\u00e1nchez, abogado zapoteca y presidente de Litigio Estrat\u00e9gico Ind\u00edgena, promovi\u00f3 ante el juez s\u00e9ptimo de Distrito en Salina Cruz, un juicio de amparo contra el Instituto Nacional de Antropolog\u00eda e Historia (INAH) y del Presidente de la Rep\u00fablica, por no emitir la declaratoria del sitio sagrado de Guiengola como zonas de monumentos arqueol\u00f3gicos.<\/p>\n\n\n\n<p>En la demanda de amparo se explica que Guiengola es un sitio sagrado y ceremonial de la cultura zapoteca ubicado a 14 kil\u00f3metros al noroeste de Santo Domingo Tehuantepec.&nbsp;<\/p>\n\n\n\n<p>Por estar situado en lo alto de una agreste monta\u00f1a, la ciudad prehisp\u00e1nica recibe el nombre de Guiengola que significa \u2018piedra grande\u2019 en la dulce lengua dixjaza\u00e1. Es patrimonio cultural, material, tangible del pueblo zapoteca del Istmo de Tehuantepec.<\/p>\n\n\n\n<p>Carlos Morales sostiene, con base en una investigaci\u00f3n bibliogr\u00e1fica, que \u201cen el sitio sagrado hay dos tumbas principales que han sido excavadas, y ambas parecen ser sitios de entierro familiar intermitentes. Tienen c\u00e1maras frontales para deidades religiosas, mientras que las c\u00e1maras traseras al parecer fueron para el entierro de personas importantes. Adem\u00e1s, tiene tiene murallas, casas, canchas de juego de pelota, otras tumbas y un gran palacio con restos de estanques artificiales y terrazas.\u201d<\/p>\n\n\n\n<p>Se explica \u201ccon base en informaci\u00f3n bibliogr\u00e1fica por su ubicaci\u00f3n, forma y sistema constructivo, se cree que Guiengola era un sitio fortificado donde se resguardaban y defend\u00edan los zapotecas de los ataques de grupos hostiles. Tambi\u00e9n es probable que fuera el centro administrativo y religioso del reinado zapoteca en el Istmo al momento de la invasi\u00f3n espa\u00f1ola.\u201d<\/p>\n\n\n\n<p>No obstante la importancia arqueol\u00f3gica y ceremonial, el sitio sagrado de Guiengola est\u00e1 en el abandono. Ni el director del Centro INAH, ni el director general del INAH han hecho las gestiones necesarias para presidente de la Rep\u00fablica emita la Declaratoria de Zona de Monumentos Arqueol\u00f3gicos a Guiengola. Incumpliendo el art\u00edculo 4\u00ba de la Convenci\u00f3n sobre la Protecci\u00f3n del Patrimonio Mundial, Cultural y Natural, tratado internacional suscrito y ratificado por M\u00e9xico.<\/p>\n\n\n\n<p>SIGUE EN EL OLVIDO<\/p>\n\n\n\n<p>Al ser entrevistada Mariana Y\u00e1\u00f1ez Unda, vicepresidenta de la asociaci\u00f3n civil, se queja:<\/p>\n\n\n\n<p>\u201cMonte Alb\u00e1n, Teotihuac\u00e1n, Chichen Itz\u00e1 y Palenque cuentan con la declaratoria, pero Guiengola no. Guiengola, ha sido invisibilizada y permanece en el olvido. En lo que va del sexenio de AMLO se han emitido, en otras parte del pa\u00eds, dos declaratorias de zonas arqueol\u00f3gicas y seis declaratorias de zonas hist\u00f3ricas pero ninguna en Oaxaca, por lo que es necesario desde la ciudadan\u00eda promover este tipo de acciones para obligar a las autoridades del INAH a actuar en consecuencia.\u201d<\/p>\n\n\n\n<p>\u201cEl olvido \u2014dice la abogada Mariana Y\u00e1\u00f1ez\u2014 propicia los saqueos y la destrucci\u00f3n del patrimonio cultural material Guiengola por lo que es necesaria la emisi\u00f3n de la declaratoria presidencial que delimite la zona y la proteja contra la destrucci\u00f3n y las invasiones. Si no hacemos nada hoy heredaremos a las futuras generaciones solamente el recuerdo de una gran zona de monumentos arqueol\u00f3gicos destruida, en lo alto de una monta\u00f1a\u201d.<\/p>\n","protected":false},"excerpt":{"rendered":"<p>Redacci\u00f3n\/Zona Roja. Oaxaca de Ju\u00e1rez, Oax., a 12 de diciembre de 2023.- Carlos Morales S\u00e1nchez,&hellip;<\/p>\n","protected":false},"author":2,"featured_media":63138,"comment_status":"closed","ping_status":"open","sticky":false,"template":"","format":"standard","meta":{"_lmt_disableupdate":"","_lmt_disable":"","_jetpack_memberships_contains_paid_content":false,"footnotes":""},"categories":[109,46],"tags":[897],"class_list":["post-63137","post","type-post","status-publish","format-standard","has-post-thumbnail","hentry","category-minuto-a-minuto","category-zona-blanca","tag-litigio-estrategico-indigena"],"jetpack_featured_media_url":"https:\/\/zonaroja.com.mx\/wp-content\/uploads\/2023\/12\/Guiengola-Tehuantepec.jpg","jetpack_sharing_enabled":true,"_links":{"self":[{"href":"https:\/\/zonaroja.com.mx\/index.php?rest_route=\/wp\/v2\/posts\/63137","targetHints":{"allow":["GET"]}}],"collection":[{"href":"https:\/\/zonaroja.com.mx\/index.php?rest_route=\/wp\/v2\/posts"}],"about":[{"href":"https:\/\/zonaroja.com.mx\/index.php?rest_route=\/wp\/v2\/types\/post"}],"author":[{"embeddable":true,"href":"https:\/\/zonaroja.com.mx\/index.php?rest_route=\/wp\/v2\/users\/2"}],"replies":[{"embeddable":true,"href":"https:\/\/zonaroja.com.mx\/index.php?rest_route=%2Fwp%2Fv2%2Fcomments&post=63137"}],"version-history":[{"count":1,"href":"https:\/\/zonaroja.com.mx\/index.php?rest_route=\/wp\/v2\/posts\/63137\/revisions"}],"predecessor-version":[{"id":63139,"href":"https:\/\/zonaroja.com.mx\/index.php?rest_route=\/wp\/v2\/posts\/63137\/revisions\/63139"}],"wp:featuredmedia":[{"embeddable":true,"href":"https:\/\/zonaroja.com.mx\/index.php?rest_route=\/wp\/v2\/media\/63138"}],"wp:attachment":[{"href":"https:\/\/zonaroja.com.mx\/index.php?rest_route=%2Fwp%2Fv2%2Fmedia&parent=63137"}],"wp:term":[{"taxonomy":"category","embeddable":true,"href":"https:\/\/zonaroja.com.mx\/index.php?rest_route=%2Fwp%2Fv2%2Fcategories&post=63137"},{"taxonomy":"post_tag","embeddable":true,"href":"https:\/\/zonaroja.com.mx\/index.php?rest_route=%2Fwp%2Fv2%2Ftags&post=63137"}],"curies":[{"name":"wp","href":"https:\/\/api.w.org\/{rel}","templated":true}]}}