{"id":63144,"date":"2023-12-12T19:42:36","date_gmt":"2023-12-13T01:42:36","guid":{"rendered":"http:\/\/www.zonaroja.com.mx\/?p=63144"},"modified":"2023-12-12T19:42:39","modified_gmt":"2023-12-13T01:42:39","slug":"dejo-un-poder-judicial-en-plena-transformacion-magistrado-pinacho-sanchez","status":"publish","type":"post","link":"https:\/\/zonaroja.com.mx\/?p=63144","title":{"rendered":"Dejo un Poder Judicial en plena transformaci\u00f3n: magistrado Pinacho S\u00e1nchez\u00a0"},"content":{"rendered":"\n<p>Yuridiana Sosa\/Zona Roja.<\/p>\n\n\n\n<p>Oaxaca de Ju\u00e1rez, Oax., a 12 de diciembre de 2023.- El titular del Poder Judicial del Estado de Oaxaca, magistrado Eduardo Pinacho S\u00e1nchez, rindi\u00f3 su cuarto informe de actividades, en v\u00edsperas del t\u00e9rmino de su gesti\u00f3n, en el que destac\u00f3 que hereda un Poder Judicial en plena transformaci\u00f3n.<\/p>\n\n\n\n<p>Desde el auditorio de Ciudad Judicial, al que asisti\u00f3 el gobernador Salom\u00f3n Jara Cruz, en sesi\u00f3n solemne Pinacho S\u00e1nchez resalt\u00f3 los retos que enfrent\u00f3 durante cuatro a\u00f1os de trabajo, tras recibir en enero de 2020 una instituci\u00f3n con un panorama nada alentador y anclado en el tiempo.<\/p>\n\n\n\n<p>Por ello, subray\u00f3 los cambios realizados, desde la implementaci\u00f3n de nuevos m\u00e9todos de trabajo, la implementaci\u00f3n de una justicia humanizada, mejorar la infraestructura de centros de trabajo e implementaci\u00f3n de tecnolog\u00edas para eficientar las actividades.<\/p>\n\n\n\n<p>\u201cMe voy tranquilo porque me esforc\u00e9 y puse todo mi empe\u00f1o para cumplir mi responsabilidad. Reconozco que tuve aciertos, pero tambi\u00e9n tropiezos, propios de la falibilidad humana y los l\u00edmites de mis capacidades\u201d indic\u00f3 el magistrado presidente.<\/p>\n\n\n\n<p>Asever\u00f3: \u201cPero dejo un Poder Judicial en plena transformaci\u00f3n\u201d.<\/p>\n\n\n\n<p>LOS RETOS<\/p>\n\n\n\n<p>El magistrado presidente del Poder Judicial destac\u00f3 que al inicio de su administraci\u00f3n se enfrent\u00f3 a lo que defini\u00f3 como un \u201ccambio de \u00e9poca\u201d para el sistema de justicia en M\u00e9xico con la implementaci\u00f3n del sistema de justicia penal acusatorio.<\/p>\n\n\n\n<p>Ello implic\u00f3 migrar de forma paulatina al nuevo modelo procesal en las distintas ramas del Derecho, como es en materia penal, mercantil, laboral, civil y familiar.<\/p>\n\n\n\n<p>Pero uno de los mayores retos se hallaron durante la pandemia de Covid-19, durante casi tres a\u00f1os. Esa situaci\u00f3n gener\u00f3 un c\u00famulo de trabajo que a\u00fan se atiende, principalmente en la \u00edndole familiar.<\/p>\n\n\n\n<p>Pinacho S\u00e1nchez indic\u00f3 que ante un panorama nada alentador en el Poder Judicial, s\u00f3lo hab\u00eda dos opciones, \u201ctransformarnos o colapsar, ponernos en movimiento o dejarnos arrastrar por la rutina y la omisi\u00f3n\u201d.<\/p>\n\n\n\n<p>Bajo ese escenario, las magistradas y los magistrados, las consejeras y los consejeros, se propusieron a emprender una profunda transformaci\u00f3n del Poder Judicial.<\/p>\n\n\n\n<p>\u00abLa idea era repensar la instituci\u00f3n, innovarla, modernizarla, redise\u00f1ar su estructura jurisdiccional y administrativa, pero particularmente la estructura ideol\u00f3gica del servidor judicial\u00bb, en ese sentido, agreg\u00f3, fue necesario \u00abremover conciencias para construir un sistema de justicia m\u00e1s cercano a la gente, m\u00e1s profesional y moderno; sensible y humanista\u00bb.<\/p>\n\n\n\n<p>LAS ACCIONES<\/p>\n\n\n\n<p>Desde su administraci\u00f3n, Pinacho S\u00e1nchez &nbsp;dijo que se pusieron en operaci\u00f3n los Centros de Justicia del Istmo, Ixtl\u00e1n, Putla, Ejutla y Tanivet.&nbsp;<\/p>\n\n\n\n<p>Se construyeron y equiparon los juzgados laborales en Ixcotel, Juchit\u00e1n y Huatulco. Y tras varios a\u00f1os de abandono se remodel\u00f3 el emblem\u00e1tico edificio del Ex Marquezado, sede de los juzgados civiles y familiares.&nbsp;<\/p>\n\n\n\n<p>Adem\u00e1s, se realiz\u00f3 la modernizaci\u00f3n y equipamiento del juzgado mixto de Pochutla. As\u00ed como se concluy\u00f3 la pavimentaci\u00f3n de los estacionamientos de los Centros de Justicia de Miahuatl\u00e1n, Huajuapan, el Espinal, Ejutla y Tanivet.&nbsp;<\/p>\n\n\n\n<p>En este a\u00f1o, indic\u00f3, se verific\u00f3 la adecuaci\u00f3n del espacio para la reinstalaci\u00f3n de la Sala de Justicia Ind\u00edgena y Quinta Sala Penal en Ciudad Judicial. Se construyeron dos juzgados familiares en Tuxtepec, lo que materializa el nuevo modelo de juzgados para la implementaci\u00f3n del C\u00f3digo Nacional de Procedimientos Civiles y Familiares.<\/p>\n\n\n\n<p>Mientras que asegur\u00f3 que deja en proceso la obra de dos de las tres etapas del edificio para las convivencias familiares supervisadas entre padres que han sido separados de sus hijos por resoluci\u00f3n judicial, ubicado en Tlalixtac de Cabrera, que tambi\u00e9n ser\u00e1 la sede de los juzgados familiares.&nbsp;<\/p>\n\n\n\n<p>En los juzgados familiares de Juchit\u00e1n se cre\u00f3 un \u00e1rea m\u00e9dica y de valoraci\u00f3n psicol\u00f3gica, ludoteca con materiales did\u00e1cticos, espacio de tareas y juegos al aire libre en el Centro de Justicia de Tanivet, &nbsp;con el fin del reencuentro del padre o la madre con sus hijos se desarrolla en condiciones adecuadas para la reconstrucci\u00f3n de v\u00ednculos familiares rotos.&nbsp;<\/p>\n\n\n\n<p>El magistrado precis\u00f3 que el Centro de Convivencia Familiar de Tlalixtac a\u00fan no se concluye, pero indic\u00f3 que \u00a0solo falta una etapa de construcci\u00f3n, pues ya cuenta con albercas, jardines, canchas, un sal\u00f3n de usos m\u00faltiples en una extensi\u00f3n de poco m\u00e1s de ocho mil metros cuadrados.<\/p>\n\n\n\n<figure class=\"wp-block-image size-large\"><a href=\"http:\/\/www.zonaroja.com.mx\/wp-content\/uploads\/2023\/12\/Eduardo-Pinahco-Salomon-Jara-Irma-Bolanos.jpg\" data-rel=\"penci-gallery-image-content\" ><img decoding=\"async\" width=\"683\" height=\"1024\" src=\"http:\/\/www.zonaroja.com.mx\/wp-content\/uploads\/2023\/12\/Eduardo-Pinahco-Salomon-Jara-Irma-Bolanos-683x1024.jpg\" alt=\"\" class=\"wp-image-63146\" srcset=\"https:\/\/zonaroja.com.mx\/wp-content\/uploads\/2023\/12\/Eduardo-Pinahco-Salomon-Jara-Irma-Bolanos-683x1024.jpg 683w, https:\/\/zonaroja.com.mx\/wp-content\/uploads\/2023\/12\/Eduardo-Pinahco-Salomon-Jara-Irma-Bolanos-200x300.jpg 200w, https:\/\/zonaroja.com.mx\/wp-content\/uploads\/2023\/12\/Eduardo-Pinahco-Salomon-Jara-Irma-Bolanos-768x1151.jpg 768w, https:\/\/zonaroja.com.mx\/wp-content\/uploads\/2023\/12\/Eduardo-Pinahco-Salomon-Jara-Irma-Bolanos-585x877.jpg 585w, https:\/\/zonaroja.com.mx\/wp-content\/uploads\/2023\/12\/Eduardo-Pinahco-Salomon-Jara-Irma-Bolanos.jpg 900w\" sizes=\"(max-width: 683px) 100vw, 683px\" \/><\/a><\/figure>\n\n\n\n<p>POR LA JUSTICIA<\/p>\n\n\n\n<p>Respecto a las acciones para la justicia, se\u00f1al\u00f3 que pasaron de 30 salas de audiencia en 2019, a 64 salas de audiencia en los \u00faltimos cuatro a\u00f1os. &nbsp;<\/p>\n\n\n\n<p>As\u00ed tambi\u00e9n, por primera vez en la historia del Poder Judicial de Oaxaca se realizaron audiencias virtuales en los juzgados de control, de enjuiciamiento, de ejecuci\u00f3n de penas y en los juzgados tradicionales, tambi\u00e9n sesiones virtuales del Pleno de magistrados y del Consejo de la Judicatura.<\/p>\n\n\n\n<p>Durante su periodo se realizaron sesiones virtuales de mediaci\u00f3n que fue una de las estrategias que siguieron para impedir la par\u00e1lisis del sistema durante la pandemia.&nbsp;<\/p>\n\n\n\n<p>Destac\u00f3 que con la implementaci\u00f3n de la tecnolog\u00eda fue posible la realizaci\u00f3n de 180 mil 37 notificaciones electr\u00f3nicas, mismas que subray\u00f3 no podr\u00edan haberse realizado por actuarios siguiendo el patr\u00f3n tradicional.&nbsp;<\/p>\n\n\n\n<p>Atendiendo al inter\u00e9s superior de ni\u00f1os y ni\u00f1as, el Poder Judicial habilit\u00f3 \u00e1reas de escucha para la grabaci\u00f3n de audio y v\u00eddeo en los juzgados familiares del Centro, Juchit\u00e1n y Tehuantepec, con el prop\u00f3sito de dotar de informaci\u00f3n que permita a los jueces tomar las mejores decisiones en beneficio de los intereses de los ni\u00f1os y ni\u00f1as.<\/p>\n\n\n\n<p>Se instal\u00f3 un aula h\u00edbrida para la capacitaci\u00f3n virtual en la Escuela Judicial y un servicio r\u00e1pido de atenci\u00f3n telef\u00f3nica al p\u00fablico que denominamos Justiciatel.<\/p>\n\n\n\n<p>Como parte de lo que llam\u00f3 humanizaci\u00f3n de la justicia, el presidente del Poder Judicial destac\u00f3 la instalaci\u00f3n de un laboratorio de gen\u00e9tica familiar implementado para la tutela del derecho humano a la identidad, para desentra\u00f1ar el origen biol\u00f3gico de los ni\u00f1os y las ni\u00f1as en los juicios de paternidad. Con esto, despu\u00e9s de la Ciudad de M\u00e9xico, el Poder Judicial de Oaxaca es el \u00fanico del pa\u00eds que dispone de un proyecto de este tipo.<\/p>\n\n\n\n<p>Se crearon 24 tribunales unitarios de enjuiciamiento, adicionales a los ocho tribunales colegiados unitarios que ya exist\u00edan. De la misma manera, se crearon 18 Salas Penales Unitarias, una por cada magistrado, m\u00e1s las seis Salas Penales Colegiadas existentes, con un total de 24 Salas Penales. Todo con el mismo personal como parte de un esquema de reingenier\u00eda en la organizaci\u00f3n tradicional de la primera y segunda instancia.<\/p>\n\n\n\n<p>Durante su informe, Pinacho S\u00e1nchez reconoci\u00f3 que \u00abuno de los graves problemas que arrastran los sistemas de justicia en el mundo es que hemos despersonalizado el Derecho&#8230;al final dictamos sentencias para personas sin rostro y sin sentimientos\u00bb; explic\u00f3 que eso implica operar con base en hechos y conceptos, no de personas. Dominamos el conocimiento de sucesos y su relaci\u00f3n con categor\u00edas jur\u00eddicas, al margen de los sujetos, de sus motivaciones, necesidades y aspiraciones.&nbsp;<\/p>\n\n\n\n<p>En ese sentido, desde su periodo se trabaj\u00f3 en recomponer el camino a trav\u00e9s de capacitaci\u00f3n en la Escuela Judicial. \u00abCon la primac\u00eda de valores y principios que dan contenido a los derechos humanos, disponemos de insumos para construir sentencias, m\u00e1s justas que legales, con una visi\u00f3n transversal de los derechos humanos, perspectiva de g\u00e9nero, igualdad y pluralismo\u00bb.<\/p>\n\n\n\n<p>OTROS RETOS Y ACCIONES<\/p>\n\n\n\n<p>El magistrado presidente mencion\u00f3 que tambi\u00e9n se enfrentaron a la corrupci\u00f3n, vicios y malas pr\u00e1cticas. \u00abLas reconocemos, no las ocultamos precisamente porque nos hemos empe\u00f1ado en corregir, ajustar y despojarnos de aquellos que con sus actos deshonran a esta instituci\u00f3n y defraudan a una sociedad que les dio su voto de confianza a trav\u00e9s de un nombramiento\u00bb.<\/p>\n\n\n\n<p>Precis\u00f3 que cesaron a actuarios, siete secretarios, rescindimos la relaci\u00f3n de trabajo a un juez y est\u00e1 en proceso.<\/p>\n","protected":false},"excerpt":{"rendered":"<p>Yuridiana Sosa\/Zona Roja. Oaxaca de Ju\u00e1rez, Oax., a 12 de diciembre de 2023.- El titular&hellip;<\/p>\n","protected":false},"author":2,"featured_media":63145,"comment_status":"closed","ping_status":"open","sticky":false,"template":"","format":"standard","meta":{"_lmt_disableupdate":"","_lmt_disable":"","_jetpack_memberships_contains_paid_content":false,"footnotes":""},"categories":[109,46],"tags":[223],"class_list":["post-63144","post","type-post","status-publish","format-standard","has-post-thumbnail","hentry","category-minuto-a-minuto","category-zona-blanca","tag-poder-judicial-de-oaxaca"],"jetpack_featured_media_url":"https:\/\/zonaroja.com.mx\/wp-content\/uploads\/2023\/12\/Informe-Poder-Judicial-Oaxaca.jpeg","jetpack_sharing_enabled":true,"_links":{"self":[{"href":"https:\/\/zonaroja.com.mx\/index.php?rest_route=\/wp\/v2\/posts\/63144","targetHints":{"allow":["GET"]}}],"collection":[{"href":"https:\/\/zonaroja.com.mx\/index.php?rest_route=\/wp\/v2\/posts"}],"about":[{"href":"https:\/\/zonaroja.com.mx\/index.php?rest_route=\/wp\/v2\/types\/post"}],"author":[{"embeddable":true,"href":"https:\/\/zonaroja.com.mx\/index.php?rest_route=\/wp\/v2\/users\/2"}],"replies":[{"embeddable":true,"href":"https:\/\/zonaroja.com.mx\/index.php?rest_route=%2Fwp%2Fv2%2Fcomments&post=63144"}],"version-history":[{"count":1,"href":"https:\/\/zonaroja.com.mx\/index.php?rest_route=\/wp\/v2\/posts\/63144\/revisions"}],"predecessor-version":[{"id":63147,"href":"https:\/\/zonaroja.com.mx\/index.php?rest_route=\/wp\/v2\/posts\/63144\/revisions\/63147"}],"wp:featuredmedia":[{"embeddable":true,"href":"https:\/\/zonaroja.com.mx\/index.php?rest_route=\/wp\/v2\/media\/63145"}],"wp:attachment":[{"href":"https:\/\/zonaroja.com.mx\/index.php?rest_route=%2Fwp%2Fv2%2Fmedia&parent=63144"}],"wp:term":[{"taxonomy":"category","embeddable":true,"href":"https:\/\/zonaroja.com.mx\/index.php?rest_route=%2Fwp%2Fv2%2Fcategories&post=63144"},{"taxonomy":"post_tag","embeddable":true,"href":"https:\/\/zonaroja.com.mx\/index.php?rest_route=%2Fwp%2Fv2%2Ftags&post=63144"}],"curies":[{"name":"wp","href":"https:\/\/api.w.org\/{rel}","templated":true}]}}