{"id":63153,"date":"2023-12-13T06:44:09","date_gmt":"2023-12-13T12:44:09","guid":{"rendered":"http:\/\/www.zonaroja.com.mx\/?p=63153"},"modified":"2023-12-13T06:44:11","modified_gmt":"2023-12-13T12:44:11","slug":"asesina-a-8-en-tamaulipas-y-a-6-en-zacatecas-secuestran-a-20-en-guerrero","status":"publish","type":"post","link":"https:\/\/zonaroja.com.mx\/?p=63153","title":{"rendered":"Asesina a 8 en Tamaulipas y a 6 en Zacatecas; secuestran a 20 en Guerrero"},"content":{"rendered":"\n<p>Redacci\u00f3n\/Zona Roja Cdmx.<\/p>\n\n\n\n<p>Ciudad de M\u00e9xico, a 13 de diciembre de 2023.- Al menos ocho civiles armados murieron ayer por la ma\u00f1ana en el municipio de San Fernando, Tamaulipas, como parte de la pugna que grupos antag\u00f3nicos del crimen organizado mantienen en esa regi\u00f3n por el control de territorios y rutas para el trasiego de drogas, revelaron fuentes oficiales.<\/p>\n\n\n\n<p>Sin embargo, la vocer\u00eda de seguridad del gobierno del estado no reconoci\u00f3 los cr\u00edmenes; incluso dijo que al llegar al lugar donde supuestamente se encontraban los cad\u00e1veres, los elementos de la Guardia estatal s\u00f3lo encontraron manchas de sangre sobre la tierra.<\/p>\n\n\n\n<p>Durante la ma\u00f1ana circularon en las redes sociales las im\u00e1genes donde se observan los cuerpos apilados a la altura del ejido Emiliano Zapata, cerca del parque Tamul y del entronque carretero que lleva hacia los municipios fronterizos de Matamoros y Reynosa. Tambi\u00e9n hubo llamados de ciudadanos al n\u00famero de emergencia 911.<\/p>\n\n\n\n<p>De acuerdo con las fuentes oficiales, que pidieron el anonimato, los ocho individuos presentaban impactos de bala, algunos el tiro de gracia, y estaban junto a una vivienda que tiene un criadero de gallos.<\/p>\n\n\n\n<p>EN ZACATECAS<\/p>\n\n\n\n<p>Por otra parte, un enfrentamiento entre presuntos pistoleros de los c\u00e1rteles Jalisco Nueva generaci\u00f3n (CJNG) y de Sinaloa en los poblados Boquilla del Carmen y Los Aparicio, municipio de Villanueva, Zacatecas, dej\u00f3 la ma\u00f1ana del martes seis personas muertas y dos heridas, reportaron autoridades.<\/p>\n\n\n\n<p>Refirieron que los fallecidos pertenec\u00edan a una de las organizaciones criminales, pero no aclar\u00f3 a cu\u00e1l; los lesionados fueron trasladados a un hospital.<\/p>\n\n\n\n<p>Elementos del Ej\u00e9rcito Mexicano, de la Guardia Nacional y fuerzas estatales acudieron tras recibir denuncias de vecinos.<\/p>\n\n\n\n<p>Las fuerzas federales y locales se incautaron de cinco armas de grueso calibre, una granada y equipo t\u00e1ctico, y detuvieron a una persona.<\/p>\n\n\n\n<p>Adem\u00e1s, dieron a conocer que destruyeron un campamento utilizado por uno de los grupos delincuenciales.<\/p>\n\n\n\n<p>EN GUERRERO<\/p>\n\n\n\n<p>En Guerrero, Ismael Ant\u00fanez, comisario de los bienes comunales de Coronillas, municipio de San Miguel Totolapan, asegur\u00f3 que son 20 y no 18 las personas secuestradas en noviembre pasado por el grupo delincuencial \u201cLa familia michoacana\u201d en los poblados de Barranca de Vel\u00e1zquez, San Bartolo y su localidad, y a\u00fan se desconoce su paradero.<\/p>\n\n\n\n<p>En entrevista telef\u00f3nica con \u201cLa Jornada\u201d, pidi\u00f3 al presidente Andr\u00e9s Manuel L\u00f3pez Obrador y a la gobernadora de Guerrero, la morenista Evelyn Salgado Pineda, que intervengan para el regreso de los 20 habitantes de la regi\u00f3n de la Tierra Caliente.<\/p>\n\n\n\n<p>Se\u00f1al\u00f3 que \u201cno es la primera ni la \u00faltima vez que pedimos al gobierno estatal que le ponga inter\u00e9s a la regi\u00f3n de la Sierra Madre del Sur. Estamos abandonados por el municipio, el estado y la Federaci\u00f3n\u201d.<\/p>\n\n\n\n<p>(Informaci\u00f3n de \u201cLa Jornada\u201d)<\/p>\n","protected":false},"excerpt":{"rendered":"<p>Redacci\u00f3n\/Zona Roja Cdmx. Ciudad de M\u00e9xico, a 13 de diciembre de 2023.- Al menos ocho&hellip;<\/p>\n","protected":false},"author":2,"featured_media":53475,"comment_status":"closed","ping_status":"open","sticky":false,"template":"","format":"standard","meta":{"_lmt_disableupdate":"","_lmt_disable":"","_jetpack_memberships_contains_paid_content":false,"footnotes":""},"categories":[109,51],"tags":[1746],"class_list":["post-63153","post","type-post","status-publish","format-standard","has-post-thumbnail","hentry","category-minuto-a-minuto","category-zona-roja","tag-violencia-en-mexico"],"jetpack_featured_media_url":"https:\/\/zonaroja.com.mx\/wp-content\/uploads\/2023\/04\/escena-ataques-armados-zacatecas.jpg","jetpack_sharing_enabled":true,"_links":{"self":[{"href":"https:\/\/zonaroja.com.mx\/index.php?rest_route=\/wp\/v2\/posts\/63153","targetHints":{"allow":["GET"]}}],"collection":[{"href":"https:\/\/zonaroja.com.mx\/index.php?rest_route=\/wp\/v2\/posts"}],"about":[{"href":"https:\/\/zonaroja.com.mx\/index.php?rest_route=\/wp\/v2\/types\/post"}],"author":[{"embeddable":true,"href":"https:\/\/zonaroja.com.mx\/index.php?rest_route=\/wp\/v2\/users\/2"}],"replies":[{"embeddable":true,"href":"https:\/\/zonaroja.com.mx\/index.php?rest_route=%2Fwp%2Fv2%2Fcomments&post=63153"}],"version-history":[{"count":1,"href":"https:\/\/zonaroja.com.mx\/index.php?rest_route=\/wp\/v2\/posts\/63153\/revisions"}],"predecessor-version":[{"id":63154,"href":"https:\/\/zonaroja.com.mx\/index.php?rest_route=\/wp\/v2\/posts\/63153\/revisions\/63154"}],"wp:featuredmedia":[{"embeddable":true,"href":"https:\/\/zonaroja.com.mx\/index.php?rest_route=\/wp\/v2\/media\/53475"}],"wp:attachment":[{"href":"https:\/\/zonaroja.com.mx\/index.php?rest_route=%2Fwp%2Fv2%2Fmedia&parent=63153"}],"wp:term":[{"taxonomy":"category","embeddable":true,"href":"https:\/\/zonaroja.com.mx\/index.php?rest_route=%2Fwp%2Fv2%2Fcategories&post=63153"},{"taxonomy":"post_tag","embeddable":true,"href":"https:\/\/zonaroja.com.mx\/index.php?rest_route=%2Fwp%2Fv2%2Ftags&post=63153"}],"curies":[{"name":"wp","href":"https:\/\/api.w.org\/{rel}","templated":true}]}}