{"id":63164,"date":"2023-12-13T10:30:00","date_gmt":"2023-12-13T16:30:00","guid":{"rendered":"http:\/\/www.zonaroja.com.mx\/?p=63164"},"modified":"2023-12-13T07:19:22","modified_gmt":"2023-12-13T13:19:22","slug":"el-15-de-diciembre-cierra-convocatoria-del-casa-para-estancias-en-europa","status":"publish","type":"post","link":"https:\/\/zonaroja.com.mx\/?p=63164","title":{"rendered":"El 15 de diciembre cierra convocatoria del CaSa para estancias en Europa"},"content":{"rendered":"\n<p>Redacci\u00f3n\/Zona Roja.<\/p>\n\n\n\n<p>Oaxaca de Ju\u00e1rez, Oax., a 13 de diciembre de 2023.- El Centro de las Artes de San Agust\u00edn (CaSa) dio a conocer que son los \u00faltimos d\u00edas para aplicar a la beca de residencia en creaci\u00f3n de textiles en Mulhouse, Francia y Basilea, Suiza, cuyo proceso de recepci\u00f3n cierra el 15 de diciembre de 2023.&nbsp;<\/p>\n\n\n\n<p>El programa Atelier Mondial de Basilea-Mulhouse-Friburgo ofrece convocatorias anuales para artistas o dise\u00f1adores textiles de Oaxaca que trabajan en el \u00e1mbito contempor\u00e1neo. Los seleccionados tendr\u00e1n la oportunidad de vivir y trabajar en el extranjero durante seis meses.<\/p>\n\n\n\n<p>Este programa, que va dirigido a personas que tengan experiencia o formaci\u00f3n en arte textil contempor\u00e1neo o dise\u00f1o textil, se expandi\u00f3 en 2016 para incluir a artistas y dise\u00f1adores textiles de Oaxaca. En este nuevo intercambio colabora el Centro de las Artes de San Agust\u00edn (CaSa) y la Fundaci\u00f3n Alfredo Harp Hel\u00fa Oaxaca a trav\u00e9s del Museo Textil de Oaxaca (MTO).&nbsp;<\/p>\n\n\n\n<p>El a\u00f1o pasado la ganadora fue la artista Ivette Olmedo,&nbsp;quien coment\u00f3 que el programa&nbsp;internacional de intercambio art\u00edstico \u201cofrece a los artistas textiles oaxaque\u00f1os un espacio \u00fanico de producci\u00f3n e investigaci\u00f3n durante seis meses en Europa. Se desarrolla en la regi\u00f3n que representa uno de los circuitos del arte m\u00e1s importantes del mundo y abre todo tipo de posibilidades a los proyectos que cada uno desarrolla. Adem\u00e1s de una experiencia de producci\u00f3n, es un maravilloso intercambio cultural\u201d.<\/p>\n\n\n\n<p>Este proyecto&nbsp;es financiado por la Fundaci\u00f3n Christoph Merian de Suiza, adem\u00e1s de los gobiernos de los cantones suizos de Basilea-Ciudad, Basilea-Campo y Soleura. Tambi\u00e9n reciben apoyo de las ciudades de Friburgo en Alemania y Mulhouse en Francia.<\/p>\n\n\n\n<p>Esta convocatoria busca artistas o dise\u00f1adores textiles de Oaxaca especializados en arte contempor\u00e1neo. Los candidatos deben estar interesados en mejorar su trabajo a trav\u00e9s de un intercambio cultural con asociados en Francia y Suiza. Se valora especialmente la apertura para recibir retroalimentaci\u00f3n del equipo de La Kunsthalle, el Centro de Arte Contempor\u00e1neo en Mulhouse.<\/p>\n\n\n\n<p>El becario tendr\u00e1 la oportunidad de realizar investigaciones en su campo, obtener retroalimentaci\u00f3n y est\u00edmulos para sus proyectos actuales, expandir su red profesional en el mundo del arte y dise\u00f1o textil, mejorar o adquirir nuevas habilidades t\u00e9cnicas en la elaboraci\u00f3n de textiles y sumergirse en la cultura franco-suiza, as\u00ed como establecer contactos importantes.<\/p>\n\n\n\n<p>Atelier Mondial ofrece una beca de residencia en Mulhouse, Francia, con un apoyo financiero de $10,000 d\u00f3lares. Este monto cubre gastos de viaje, visa, alimentaci\u00f3n, transporte y producci\u00f3n durante seis meses.&nbsp;<\/p>\n\n\n\n<p>Tambi\u00e9n se proporcionar\u00e1 un seguro de gastos m\u00e9dicos. Cualquier gasto adicional en el extranjero ser\u00e1 responsabilidad del becario. En caso de interrupci\u00f3n de la residencia, el becario tiene 30 d\u00edas para devolver la parte proporcional de la beca.<\/p>\n\n\n\n<p>La beca de residencia da la oportunidad a una persona de residir durante cuatro meses (abril-julio) en Mulhouse, Francia, y 2 meses (agosto-septiembre) en Basilea, Suiza, durante el periodo de abril a septiembre de 2024.<\/p>\n\n\n\n<p>El becario estar\u00e1 asesorado por el equipo de La Kunsthalle (Centro de Arte Contempor\u00e1neo Mulhouse).&nbsp;<\/p>\n\n\n\n<p>El taller en Mulhouse, Francia, se ubica en Motoco, una antigua f\u00e1brica textil de la compa\u00f1\u00eda de hilos DMC que ha sido redise\u00f1ada y transformada en estudios de trabajo. El hospedaje ser\u00e1 en un departamento amplio, compartido, ubicado en Motoco.&nbsp;<\/p>\n\n\n\n<p>El taller y la residencia en Basilea, Suiza, se encuentran dentro de las instalaciones de Atelier Mondial. El espacio incluye una peque\u00f1a habitaci\u00f3n, as\u00ed como cocina y ba\u00f1o.&nbsp;<\/p>\n\n\n\n<p>En esta convocatoria podr\u00e1n participar todos lo artistas o dise\u00f1adores textiles de Oaxaca que trabajan en el \u00e1mbito contempor\u00e1neo, personas de nacionalidad mexicana que vivan y trabajen en el estado de Oaxaca desde el a\u00f1o 2021, como m\u00ednimo o personas nacidas en Oaxaca, aunque vivan en alg\u00fan otro estado de la Rep\u00fablica Mexicana, o bien, fuera del pa\u00eds.<\/p>\n\n\n\n<p>La convocatoria completa se puede consultar en la p\u00e1gina:&nbsp;http:\/\/www.casa.oaxaca.gob.mx\/wp\/?p=13068, el 15 de diciembre de 2023 es el \u00faltimo d\u00eda para aplicar.<\/p>\n","protected":false},"excerpt":{"rendered":"<p>Redacci\u00f3n\/Zona Roja. Oaxaca de Ju\u00e1rez, Oax., a 13 de diciembre de 2023.- El Centro de&hellip;<\/p>\n","protected":false},"author":2,"featured_media":10473,"comment_status":"closed","ping_status":"open","sticky":false,"template":"","format":"standard","meta":{"_lmt_disableupdate":"","_lmt_disable":"","_jetpack_memberships_contains_paid_content":false,"footnotes":""},"categories":[109,46],"tags":[1148],"class_list":["post-63164","post","type-post","status-publish","format-standard","has-post-thumbnail","hentry","category-minuto-a-minuto","category-zona-blanca","tag-centro-de-las-artes-san-agustin-casa"],"jetpack_featured_media_url":"https:\/\/zonaroja.com.mx\/wp-content\/uploads\/2020\/03\/CaSa.jpg","jetpack_sharing_enabled":true,"_links":{"self":[{"href":"https:\/\/zonaroja.com.mx\/index.php?rest_route=\/wp\/v2\/posts\/63164","targetHints":{"allow":["GET"]}}],"collection":[{"href":"https:\/\/zonaroja.com.mx\/index.php?rest_route=\/wp\/v2\/posts"}],"about":[{"href":"https:\/\/zonaroja.com.mx\/index.php?rest_route=\/wp\/v2\/types\/post"}],"author":[{"embeddable":true,"href":"https:\/\/zonaroja.com.mx\/index.php?rest_route=\/wp\/v2\/users\/2"}],"replies":[{"embeddable":true,"href":"https:\/\/zonaroja.com.mx\/index.php?rest_route=%2Fwp%2Fv2%2Fcomments&post=63164"}],"version-history":[{"count":1,"href":"https:\/\/zonaroja.com.mx\/index.php?rest_route=\/wp\/v2\/posts\/63164\/revisions"}],"predecessor-version":[{"id":63165,"href":"https:\/\/zonaroja.com.mx\/index.php?rest_route=\/wp\/v2\/posts\/63164\/revisions\/63165"}],"wp:featuredmedia":[{"embeddable":true,"href":"https:\/\/zonaroja.com.mx\/index.php?rest_route=\/wp\/v2\/media\/10473"}],"wp:attachment":[{"href":"https:\/\/zonaroja.com.mx\/index.php?rest_route=%2Fwp%2Fv2%2Fmedia&parent=63164"}],"wp:term":[{"taxonomy":"category","embeddable":true,"href":"https:\/\/zonaroja.com.mx\/index.php?rest_route=%2Fwp%2Fv2%2Fcategories&post=63164"},{"taxonomy":"post_tag","embeddable":true,"href":"https:\/\/zonaroja.com.mx\/index.php?rest_route=%2Fwp%2Fv2%2Ftags&post=63164"}],"curies":[{"name":"wp","href":"https:\/\/api.w.org\/{rel}","templated":true}]}}