{"id":63168,"date":"2023-12-13T13:27:00","date_gmt":"2023-12-13T19:27:00","guid":{"rendered":"http:\/\/www.zonaroja.com.mx\/?p=63168"},"modified":"2023-12-13T07:30:55","modified_gmt":"2023-12-13T13:30:55","slug":"destaca-martin-vazquez-relevancia-de-conferencias-magistrales-para-conocer-la-realidad-en-oaxaca","status":"publish","type":"post","link":"https:\/\/zonaroja.com.mx\/?p=63168","title":{"rendered":"Destaca Mart\u00edn V\u00e1zquez relevancia de conferencias magistrales para conocer la realidad en Oaxaca\u00a0"},"content":{"rendered":"\n<p>Yuridiana Sosa\/Zona Roja.<\/p>\n\n\n\n<p>Parte IV\/IV<\/p>\n\n\n\n<p>Oaxaca de Ju\u00e1rez, Oax., a 12 de diciembre de 2023.- Con \u00e9xito e importante participaci\u00f3n ciudadana concluy\u00f3 el ciclo de conferencias \u201cLa ciudad de Oaxaca y sus grandes desaf\u00edos\u201d, a trav\u00e9s del cual especialistas se\u00f1alaron y analizaron los principales problemas que enfrenta la capital y la entidad, ofreciendo herramientas para abatirlos.<\/p>\n\n\n\n<p>El doctor Mart\u00edn V\u00e1zquez Villanueva, organizador de las actividades, destac\u00f3 la relevancia de estos espacios para que la ciudadan\u00eda pueda conocer de primera mano las problem\u00e1ticas, algunas de ellas relacionadas a la falta de agua y la inseguridad.<\/p>\n\n\n\n<p>Pero adem\u00e1s, se prev\u00e9 un segundo ciclo a partir de enero de 2024, con temas como la justicia, grupos vulnerables y para el mes de febrero un tema relacionado con las finanzas p\u00fablicas del municipio.<\/p>\n\n\n\n<p>Como resultado de estas exposiciones, V\u00e1squez Villanueva, adelant\u00f3 que presentar\u00e1 un trabajo editorial, adem\u00e1s, las soluciones aportadas por los expertos podr\u00edan ser parte de un plan de desarrollo para abatir los rezagos en la capital.<\/p>\n\n\n\n<p>Puntualiz\u00f3 que el documento que elaborar\u00e1 ser\u00e1 una plataforma \u00fatil para la ciudadan\u00eda y (que frente al a\u00f1o electoral) no sea sorprendida con supuestos foros que se inventan (aspirantes a un cargo de elecci\u00f3n), sin crear verdaderos espacios de deliberaci\u00f3n para cumplir con lo obligado, que es presentar plataformas a tiempo.<\/p>\n\n\n\n<p>Tras agradecer la participaci\u00f3n del historiador Carlos Tello para moderar las seis conferencias, el pol\u00edtico oaxaque\u00f1o se\u00f1al\u00f3 que el nivel de exposiciones presentadas s\u00f3lo se pueden escuchar en grandes c\u00edrculos de reflexi\u00f3n de pa\u00edses como Estados Unidos, as\u00ed como de quienes pertenecen a los grupos gubernamentales.<\/p>\n\n\n\n<p>Pues puntualiz\u00f3 que la informaci\u00f3n que se present\u00f3, de forma especial sobre la inseguridad impartida por el analista Eduardo Guerrero, s\u00f3lo se ofrece en c\u00edrculos de inteligencia militar, de inteligencia de gobiernos estatales y federales, pues nos explica \u00abcon todas su letras la realidad que vivimos\u00bb.<\/p>\n\n\n\n<p>Desde su amplia experiencia, V\u00e1zquez Villanueva dijo que las conferencias de este a\u00f1o desarrolladas desde la biblioteca \u00abFray Francisco de Burgoa\u00bb, de la UABJO, en el templo de Santo Domingo de Guzm\u00e1n, nunca las hab\u00eda escuchado con datos tan precisos que reflejan nuestra vida como sociedad.<\/p>\n\n\n\n<p>Por lo que resalt\u00f3 la importancia de continuar creando estos espacios de an\u00e1lisis y reflexi\u00f3n para la ciudadan\u00eda.<\/p>\n","protected":false},"excerpt":{"rendered":"<p>Yuridiana Sosa\/Zona Roja. Parte IV\/IV Oaxaca de Ju\u00e1rez, Oax., a 12 de diciembre de 2023.-&hellip;<\/p>\n","protected":false},"author":2,"featured_media":63038,"comment_status":"closed","ping_status":"open","sticky":false,"template":"","format":"standard","meta":{"_lmt_disableupdate":"","_lmt_disable":"","_jetpack_memberships_contains_paid_content":false,"footnotes":""},"categories":[109,46],"tags":[1582],"class_list":["post-63168","post","type-post","status-publish","format-standard","has-post-thumbnail","hentry","category-minuto-a-minuto","category-zona-blanca","tag-martin-vasquez-villanueva"],"jetpack_featured_media_url":"https:\/\/zonaroja.com.mx\/wp-content\/uploads\/2023\/12\/Martin-Vasquez-V.jpg","jetpack_sharing_enabled":true,"_links":{"self":[{"href":"https:\/\/zonaroja.com.mx\/index.php?rest_route=\/wp\/v2\/posts\/63168","targetHints":{"allow":["GET"]}}],"collection":[{"href":"https:\/\/zonaroja.com.mx\/index.php?rest_route=\/wp\/v2\/posts"}],"about":[{"href":"https:\/\/zonaroja.com.mx\/index.php?rest_route=\/wp\/v2\/types\/post"}],"author":[{"embeddable":true,"href":"https:\/\/zonaroja.com.mx\/index.php?rest_route=\/wp\/v2\/users\/2"}],"replies":[{"embeddable":true,"href":"https:\/\/zonaroja.com.mx\/index.php?rest_route=%2Fwp%2Fv2%2Fcomments&post=63168"}],"version-history":[{"count":1,"href":"https:\/\/zonaroja.com.mx\/index.php?rest_route=\/wp\/v2\/posts\/63168\/revisions"}],"predecessor-version":[{"id":63169,"href":"https:\/\/zonaroja.com.mx\/index.php?rest_route=\/wp\/v2\/posts\/63168\/revisions\/63169"}],"wp:featuredmedia":[{"embeddable":true,"href":"https:\/\/zonaroja.com.mx\/index.php?rest_route=\/wp\/v2\/media\/63038"}],"wp:attachment":[{"href":"https:\/\/zonaroja.com.mx\/index.php?rest_route=%2Fwp%2Fv2%2Fmedia&parent=63168"}],"wp:term":[{"taxonomy":"category","embeddable":true,"href":"https:\/\/zonaroja.com.mx\/index.php?rest_route=%2Fwp%2Fv2%2Fcategories&post=63168"},{"taxonomy":"post_tag","embeddable":true,"href":"https:\/\/zonaroja.com.mx\/index.php?rest_route=%2Fwp%2Fv2%2Ftags&post=63168"}],"curies":[{"name":"wp","href":"https:\/\/api.w.org\/{rel}","templated":true}]}}