{"id":63170,"date":"2023-12-13T12:31:00","date_gmt":"2023-12-13T18:31:00","guid":{"rendered":"http:\/\/www.zonaroja.com.mx\/?p=63170"},"modified":"2023-12-13T07:37:42","modified_gmt":"2023-12-13T13:37:42","slug":"a-partir-de-enero-policias-de-oaxaca-ganaran-casi-13-mil-pesos-al-mes","status":"publish","type":"post","link":"https:\/\/zonaroja.com.mx\/?p=63170","title":{"rendered":"A partir de enero, polic\u00edas de Oaxaca ganar\u00e1n casi 13 mil pesos al mes"},"content":{"rendered":"\n<p>Redacci\u00f3n\/Zona Roja.<\/p>\n\n\n\n<p>Oaxaca de Ju\u00e1rez, Oax., a 13 de diciembre de 2023.- El Gobierno del Estado a trav\u00e9s de la Secretar\u00eda de Finanzas (Sefin) aument\u00f3 51.7 por ciento el presupuesto destinado a la seguridad p\u00fablica con respecto al ejercicio fiscal anterior, con el objetivo especial de dignificar los salarios de polic\u00edas de la entidad.<\/p>\n\n\n\n<p>En un comunicado, detall\u00f3 que el presupuesto aprobado para la Secretar\u00eda de Seguridad y Protecci\u00f3n Ciudadana (SSPC) para el ejercicio fiscal 2024, comprende la asignaci\u00f3n presupuestaria de 948 millones 460 mil pesos destinada a la homologaci\u00f3n y dignificaci\u00f3n del salario.<\/p>\n\n\n\n<p>Para tal efecto, la Secretar\u00eda de Administraci\u00f3n y la SSPC crearon un solo tabulador con la finalidad de eliminar las desigualdades salariales entre las y los polic\u00edas; las diferencias que existan entre ellos derivar\u00e1n solo del tipo de plaza y nivel que ocupen.<\/p>\n\n\n\n<p>Adem\u00e1s, se garantiza que la percepci\u00f3n mensual del polic\u00eda A (pie de rama) sea igual al salario digno de 12 mil 921.68 pesos mensuales, lo anterior independientemente de la corporaci\u00f3n en donde presta su servicio, incluyendo al personal de custodia penitenciaria.<\/p>\n\n\n\n<p>Apunt\u00f3 que esta estrategia de homologaci\u00f3n y dignificaci\u00f3n del salario est\u00e1 encaminada a mejorar las condiciones salariales de siete mil 119 polic\u00edas, adem\u00e1s pretende motivar la jubilaci\u00f3n del personal que ya cuentan con los requisitos establecidos por la normatividad vigente.<\/p>\n","protected":false},"excerpt":{"rendered":"<p>Redacci\u00f3n\/Zona Roja. Oaxaca de Ju\u00e1rez, Oax., a 13 de diciembre de 2023.- El Gobierno del&hellip;<\/p>\n","protected":false},"author":2,"featured_media":8561,"comment_status":"closed","ping_status":"open","sticky":false,"template":"","format":"standard","meta":{"_lmt_disableupdate":"","_lmt_disable":"","_jetpack_memberships_contains_paid_content":false,"footnotes":""},"categories":[109,46],"tags":[1421],"class_list":["post-63170","post","type-post","status-publish","format-standard","has-post-thumbnail","hentry","category-minuto-a-minuto","category-zona-blanca","tag-secretaria-de-seguridad-publica-de-oaxaca-sspo"],"jetpack_featured_media_url":"https:\/\/zonaroja.com.mx\/wp-content\/uploads\/2020\/02\/Polic\u00eda-Estatal-2.png","jetpack_sharing_enabled":true,"_links":{"self":[{"href":"https:\/\/zonaroja.com.mx\/index.php?rest_route=\/wp\/v2\/posts\/63170","targetHints":{"allow":["GET"]}}],"collection":[{"href":"https:\/\/zonaroja.com.mx\/index.php?rest_route=\/wp\/v2\/posts"}],"about":[{"href":"https:\/\/zonaroja.com.mx\/index.php?rest_route=\/wp\/v2\/types\/post"}],"author":[{"embeddable":true,"href":"https:\/\/zonaroja.com.mx\/index.php?rest_route=\/wp\/v2\/users\/2"}],"replies":[{"embeddable":true,"href":"https:\/\/zonaroja.com.mx\/index.php?rest_route=%2Fwp%2Fv2%2Fcomments&post=63170"}],"version-history":[{"count":1,"href":"https:\/\/zonaroja.com.mx\/index.php?rest_route=\/wp\/v2\/posts\/63170\/revisions"}],"predecessor-version":[{"id":63171,"href":"https:\/\/zonaroja.com.mx\/index.php?rest_route=\/wp\/v2\/posts\/63170\/revisions\/63171"}],"wp:featuredmedia":[{"embeddable":true,"href":"https:\/\/zonaroja.com.mx\/index.php?rest_route=\/wp\/v2\/media\/8561"}],"wp:attachment":[{"href":"https:\/\/zonaroja.com.mx\/index.php?rest_route=%2Fwp%2Fv2%2Fmedia&parent=63170"}],"wp:term":[{"taxonomy":"category","embeddable":true,"href":"https:\/\/zonaroja.com.mx\/index.php?rest_route=%2Fwp%2Fv2%2Fcategories&post=63170"},{"taxonomy":"post_tag","embeddable":true,"href":"https:\/\/zonaroja.com.mx\/index.php?rest_route=%2Fwp%2Fv2%2Ftags&post=63170"}],"curies":[{"name":"wp","href":"https:\/\/api.w.org\/{rel}","templated":true}]}}