{"id":63172,"date":"2023-12-13T17:27:32","date_gmt":"2023-12-13T23:27:32","guid":{"rendered":"http:\/\/www.zonaroja.com.mx\/?p=63172"},"modified":"2023-12-13T17:27:34","modified_gmt":"2023-12-13T23:27:34","slug":"por-desvio-de-recursos-y-violencia-destituyen-a-edil-de-panixtlahuaca","status":"publish","type":"post","link":"https:\/\/zonaroja.com.mx\/?p=63172","title":{"rendered":"Por desv\u00edo de recursos y violencia, destituyen a edil de Panixtlahuaca"},"content":{"rendered":"\n<p>Yuridiana Sosa\/Zona Roja.<\/p>\n\n\n\n<p>Oaxaca de Ju\u00e1rez, Oax., a 13 de diciembre de 2023.- Integrantes del Cabildo de San Miguel Panixtlahuaca dieron a conocer la destituci\u00f3n de edil Antonio Garc\u00eda Garc\u00eda, por decisi\u00f3n de la asamblea general, ante presunto desv\u00edo de recursos y violencia en la comunidad.<\/p>\n\n\n\n<p>Frente a Palacio de Gobierno, en el z\u00f3calo de la capital del estado, los concejales de es municipio regido por Sistemas Normativos Ind\u00edgenas, demandaron la intervenci\u00f3n del gobernador Salom\u00f3n Jara; del secretario General, Jes\u00fas Romero, para abonar a la pacificaci\u00f3n del municipio, mientras que a la 65 Legislatura de Oaxaca exigieron avalar la decisi\u00f3n de la asamblea.<\/p>\n\n\n\n<p>El s\u00edndico municipal, Gerardo Mendoza Garc\u00eda, indic\u00f3 que la destituci\u00f3n se realiz\u00f3 el pasado 3 de diciembre en asamblea general al considerar que el comportamiento de Antonio Garc\u00eda al frente de la administraci\u00f3n municipal cumple con las caracter\u00edsticas para la revocaci\u00f3n de mandato, como lo establece la Ley Org\u00e1nica Municipal.<\/p>\n\n\n\n<p>Desde el inicio de su gobierno se mantiene en constante estado de ebriedad, causando esc\u00e1ndalos en la v\u00eda p\u00fablica, prepotencia, falta a las sesiones, as\u00ed como que en los \u00faltimos meses presuntamente contrat\u00f3 a un grupo de hombres armados que amedrentan a los integrantes del cabildo y la poblaci\u00f3n.<\/p>\n\n\n\n<p>AMENAZAS E INSEGURIDAD<\/p>\n\n\n\n<p>El funcionario municipal asever\u00f3 que se encuentran amenazados, por lo que responsabilizan a Antonio Garc\u00eda de cualquier acto en su contra, de su familia y de la poblaci\u00f3n.<\/p>\n\n\n\n<p>Existen grabaciones de las llamadas telef\u00f3nicas en las que son amenazados de muerte, apuntaron.<\/p>\n\n\n\n<p>La situaci\u00f3n de inseguridad, apuntaron los integrantes del cabildo, podr\u00eda aumentar en pr\u00f3ximas semanas debido a que desde hace un mes no ha pagado a la Polic\u00eda Municipal, por lo que la corporaci\u00f3n adelant\u00f3 que dejar\u00e1 de trabajar.<\/p>\n\n\n\n<p>El pueblo chatino, indicaron, consideran que Garc\u00eda Garc\u00eda no se tom\u00f3 con seriedad el cargo, del cual abus\u00f3 para el desv\u00edo de recursos, pues las obras que se han realizado han sido ejecutadas por empresas contratadas de forma directa por el edil, sin consultar al cabildo.<\/p>\n\n\n\n<p>Por todas estas causas, pidieron a las autoridades del gobierno encargadas de la entrega de recursos a suspender todo tipo de tr\u00e1mites con Antonio Garc\u00eda, quien desde el 3 de diciembre fue desconocido por la poblaci\u00f3n.<\/p>\n\n\n\n<p>Al Congreso de Oaxaca, demandaron que de forma inmediata hagan valer la revocaci\u00f3n del edil, la cual avalada tambi\u00e9n por siete regidores, como es el S\u00edndico Municipal, el regidor de Hacienda, el regidor de Obras, regidor de Seguridad, regidora de Cultura, Regidora de Salud y el Tesorero Municipal.<\/p>\n\n\n\n<p>Este municipio, recibe del Fondo III 20 millones de peso para obras p\u00fablicas; para la seguridad p\u00fablica, cinco millones de pesos y del fondo 28, 7.5 millones de pesos.<\/p>\n","protected":false},"excerpt":{"rendered":"<p>Yuridiana Sosa\/Zona Roja. Oaxaca de Ju\u00e1rez, Oax., a 13 de diciembre de 2023.- Integrantes del&hellip;<\/p>\n","protected":false},"author":2,"featured_media":63173,"comment_status":"closed","ping_status":"open","sticky":false,"template":"","format":"standard","meta":{"_lmt_disableupdate":"","_lmt_disable":"","_jetpack_memberships_contains_paid_content":false,"footnotes":""},"categories":[109,47],"tags":[3032],"class_list":["post-63172","post","type-post","status-publish","format-standard","has-post-thumbnail","hentry","category-minuto-a-minuto","category-zona-gris","tag-san-miguel-panixtlahuaca"],"jetpack_featured_media_url":"https:\/\/zonaroja.com.mx\/wp-content\/uploads\/2023\/12\/Conferencia-de-prensa-Panixtlahuaca.jpg","jetpack_sharing_enabled":true,"_links":{"self":[{"href":"https:\/\/zonaroja.com.mx\/index.php?rest_route=\/wp\/v2\/posts\/63172","targetHints":{"allow":["GET"]}}],"collection":[{"href":"https:\/\/zonaroja.com.mx\/index.php?rest_route=\/wp\/v2\/posts"}],"about":[{"href":"https:\/\/zonaroja.com.mx\/index.php?rest_route=\/wp\/v2\/types\/post"}],"author":[{"embeddable":true,"href":"https:\/\/zonaroja.com.mx\/index.php?rest_route=\/wp\/v2\/users\/2"}],"replies":[{"embeddable":true,"href":"https:\/\/zonaroja.com.mx\/index.php?rest_route=%2Fwp%2Fv2%2Fcomments&post=63172"}],"version-history":[{"count":1,"href":"https:\/\/zonaroja.com.mx\/index.php?rest_route=\/wp\/v2\/posts\/63172\/revisions"}],"predecessor-version":[{"id":63174,"href":"https:\/\/zonaroja.com.mx\/index.php?rest_route=\/wp\/v2\/posts\/63172\/revisions\/63174"}],"wp:featuredmedia":[{"embeddable":true,"href":"https:\/\/zonaroja.com.mx\/index.php?rest_route=\/wp\/v2\/media\/63173"}],"wp:attachment":[{"href":"https:\/\/zonaroja.com.mx\/index.php?rest_route=%2Fwp%2Fv2%2Fmedia&parent=63172"}],"wp:term":[{"taxonomy":"category","embeddable":true,"href":"https:\/\/zonaroja.com.mx\/index.php?rest_route=%2Fwp%2Fv2%2Fcategories&post=63172"},{"taxonomy":"post_tag","embeddable":true,"href":"https:\/\/zonaroja.com.mx\/index.php?rest_route=%2Fwp%2Fv2%2Ftags&post=63172"}],"curies":[{"name":"wp","href":"https:\/\/api.w.org\/{rel}","templated":true}]}}