{"id":63175,"date":"2023-12-13T18:53:47","date_gmt":"2023-12-14T00:53:47","guid":{"rendered":"http:\/\/www.zonaroja.com.mx\/?p=63175"},"modified":"2023-12-13T18:53:48","modified_gmt":"2023-12-14T00:53:48","slug":"ante-riesgo-de-perder-votacion-morena-aplaza-ratificacion-de-fiscal-de-la-cdmx","status":"publish","type":"post","link":"https:\/\/zonaroja.com.mx\/?p=63175","title":{"rendered":"Ante riesgo de perder votaci\u00f3n, Morena aplaza ratificaci\u00f3n de fiscal de la Cdmx"},"content":{"rendered":"\n<p>Redacci\u00f3n\/Zona Roja Cdmx.<\/p>\n\n\n\n<p>Ciudad de M\u00e9xico, a 13 de diciembre de 2023.- Este mi\u00e9rcoles, los diputados de la Ciudad de M\u00e9xico aplazaron la ratifiaci\u00f3n de la fiscal de la capital, Ernestina Godoy, luego de que por mayor\u00eda de votos se decidiera no continuar la discusi\u00f3n en el Congreso de la Ciudad de M\u00e9xico.<\/p>\n\n\n\n<p>Los legisladores del PAN, PRI y PRD urgieron a la Mesa Directiva interrumpir las participaciones de los legisladores para pasar directo a la votaci\u00f3n, pues hab\u00edan acusado que Morena intentar\u00eda extender la sesi\u00f3n y reventarla al no contar con los votos necesarios.<\/p>\n\n\n\n<p>La propuesta fue consultada en el Pleno sin alcanzar la aprobaci\u00f3n de la mayor\u00eda de los diputados, votando la bancada del guinda en contra con 27 votos, frente a 39 de la oposici\u00f3n.<\/p>\n\n\n\n<p>Ernestina Godoy necesitaba la mayor\u00eda calificada para ser ratificada en su cargo, es decir, el apoyo de dos terceras partes del Congreso, que son al menos 44 de los 66 votos posibles, o dos tercios de los legisladores presentes.&nbsp;<\/p>\n\n\n\n<p>Por ello se determin\u00f3 que la sesi\u00f3n continuar\u00e1 el pr\u00f3ximo jueves a las 9 de la ma\u00f1ana.<\/p>\n\n\n\n<p>LA DEFIENDEN<\/p>\n\n\n\n<p>Durante la sesi\u00f3n, los diputados de Morena destacaron las cualidades de la fiscal y expusieron las razones por las cuales deber\u00eda ser ratificada para el siguiente periodo en la Fiscal\u00eda General de Justicia de la Ciudad de M\u00e9xico.<\/p>\n\n\n\n<p>(Informaci\u00f3n de \u201cExpansi\u00f3n Pol\u00edtica\u201d)<\/p>\n","protected":false},"excerpt":{"rendered":"<p>Redacci\u00f3n\/Zona Roja Cdmx. Ciudad de M\u00e9xico, a 13 de diciembre de 2023.- Este mi\u00e9rcoles, los&hellip;<\/p>\n","protected":false},"author":2,"featured_media":63176,"comment_status":"closed","ping_status":"open","sticky":false,"template":"","format":"standard","meta":{"_lmt_disableupdate":"","_lmt_disable":"","_jetpack_memberships_contains_paid_content":false,"footnotes":""},"categories":[47],"tags":[3728],"class_list":["post-63175","post","type-post","status-publish","format-standard","has-post-thumbnail","hentry","category-zona-gris","tag-ernestina-godoy"],"jetpack_featured_media_url":"https:\/\/zonaroja.com.mx\/wp-content\/uploads\/2023\/12\/Ernestina-Godoy.webp","jetpack_sharing_enabled":true,"_links":{"self":[{"href":"https:\/\/zonaroja.com.mx\/index.php?rest_route=\/wp\/v2\/posts\/63175","targetHints":{"allow":["GET"]}}],"collection":[{"href":"https:\/\/zonaroja.com.mx\/index.php?rest_route=\/wp\/v2\/posts"}],"about":[{"href":"https:\/\/zonaroja.com.mx\/index.php?rest_route=\/wp\/v2\/types\/post"}],"author":[{"embeddable":true,"href":"https:\/\/zonaroja.com.mx\/index.php?rest_route=\/wp\/v2\/users\/2"}],"replies":[{"embeddable":true,"href":"https:\/\/zonaroja.com.mx\/index.php?rest_route=%2Fwp%2Fv2%2Fcomments&post=63175"}],"version-history":[{"count":1,"href":"https:\/\/zonaroja.com.mx\/index.php?rest_route=\/wp\/v2\/posts\/63175\/revisions"}],"predecessor-version":[{"id":63177,"href":"https:\/\/zonaroja.com.mx\/index.php?rest_route=\/wp\/v2\/posts\/63175\/revisions\/63177"}],"wp:featuredmedia":[{"embeddable":true,"href":"https:\/\/zonaroja.com.mx\/index.php?rest_route=\/wp\/v2\/media\/63176"}],"wp:attachment":[{"href":"https:\/\/zonaroja.com.mx\/index.php?rest_route=%2Fwp%2Fv2%2Fmedia&parent=63175"}],"wp:term":[{"taxonomy":"category","embeddable":true,"href":"https:\/\/zonaroja.com.mx\/index.php?rest_route=%2Fwp%2Fv2%2Fcategories&post=63175"},{"taxonomy":"post_tag","embeddable":true,"href":"https:\/\/zonaroja.com.mx\/index.php?rest_route=%2Fwp%2Fv2%2Ftags&post=63175"}],"curies":[{"name":"wp","href":"https:\/\/api.w.org\/{rel}","templated":true}]}}