{"id":6318,"date":"2019-12-03T21:10:17","date_gmt":"2019-12-04T03:10:17","guid":{"rendered":"http:\/\/www.zonaroja.com.mx\/?p=6318"},"modified":"2019-12-03T21:10:21","modified_gmt":"2019-12-04T03:10:21","slug":"policias-asesinaron-a-defensor-de-derechos-en-nopala-exigen-justicia","status":"publish","type":"post","link":"https:\/\/zonaroja.com.mx\/?p=6318","title":{"rendered":"Polic\u00edas asesinaron a defensor de derechos en Nopala; exigen justicia"},"content":{"rendered":"\n<p>Redacci\u00f3n\/Zona Roja.<\/p>\n\n\n\n<p>Oaxaca de Ju\u00e1rez, Oax., 3 de diciembre\nde 2019.- Polic\u00edas municipales y presuntos \u201cporros\u201d asesinaron al defensor de\nderechos ind\u00edgenas Catalino Barradas Santiago, de 32 a\u00f1os de edad, en Santa\nLuc\u00eda Teotepec, Santos Reyes Nopala, donde adem\u00e1s lesionaron a otras dos\npersonas y detuvieron a una.<\/p>\n\n\n\n<p>Los hechos sucedieron entre la noche\ndel pasado s\u00e1bado 30 de noviembre y el domingo 1 de diciembre, en el marco del\nproceso para elegir autoridades municipales, denunci\u00f3 el Centro de Derechos\nHumanos y Asesor\u00eda a Pueblos Ind\u00edgenas (Cedhapi) A. C.<\/p>\n\n\n\n<p>En un comunicado, detall\u00f3 que Nopala actualmente\nest\u00e1 gobernado por el presidente municipal Bulmaro S\u00e1nchez V\u00e1squez, \u201cque es\napoyado por el tambi\u00e9n presidente municipal de San Pedro Mixtepec Fredy Gil\nPineda Gopar, quien desde hace varios a\u00f1os ha mantenido el poder pol\u00edtico por\nmedio de la violencia en la regi\u00f3n de la costa del estado de Oaxaca\u201d.<\/p>\n\n\n\n<p>En ese contexto, el pasado domingo se\npreparaban los comicios por usos y costumbres, con la participaci\u00f3n de tres\nplanillas, la \u201cBlanca\u201d, con su candidato Alfredo Mijangos; la \u201cRosa\u201d, Bulmaro\nS\u00e1nchez V\u00e1squez, actual edil vinculado a Fredy Gil, y la \u201cOro\u201d por Francisco\nM\u00e9ndez.<\/p>\n\n\n\n<p>\u201cEl s\u00e1bado 30 de noviembre de 2019,\naproximadamente a las siete de la noche llegaron a la comunidad de Santa Lucia\nTeotepec, Nopala, dos camionetas con personas que no eran de la comunidad y que\nvest\u00edan ropa diferente a los habitantes de la comunidad y se dirigieron a la\ncasa de Gilberto Olivera, actual regidor de Obras del ayuntamiento de Nopala,\nresguardados por una patrulla de la polic\u00eda municipal.<\/p>\n\n\n\n<p>Ese d\u00eda \u201caproximadamente a las nueve de\nla noche&nbsp; un grupo de vecinos de la\ncomunidad&nbsp; de Santa Luc\u00eda Teotepec, a\nbordo de dos camionetas constituidos en un grupo de vigilantes de la legalidad\npara elegir presidente municipal de Santos Reyes Nopala, efectuaban un\nrecorrido por la carretera que conduce a la comunidad&nbsp; de Cerro Armadillo y encontraron una\ncamioneta con personas que no eran de la comunidad y que tra\u00edan evidencias de\nhaber hecho proselitismo a favor de la planilla \u201cRosa\u201d, misma situaci\u00f3n que ya\nno estaba permitida porque al otro d\u00eda ser\u00edan las elecciones.<\/p>\n\n\n\n<p>\u201cPor lo cual los integrantes de la comunidad se regresaron con los tripulantes de la camioneta que tra\u00eda evidencias de proselitismo a favor de la planilla \u201cRosa\u201d y sorpresivamente en el trayecto hacia la comunidad de Teotepec, se les atraves\u00f3 una patrulla de la polic\u00eda municipal de Santos Reyes Nopala, quienes iban armados con armas largas y de alto calibre.<\/p>\n\n\n\n<figure class=\"wp-block-image\"><img decoding=\"async\" width=\"1024\" height=\"768\" src=\"http:\/\/www.zonaroja.com.mx\/wp-content\/uploads\/2019\/12\/Homenaje-Efectuado-el-dia-2-de-dic.-1024x768.jpeg\" alt=\"\" class=\"wp-image-6319\" srcset=\"https:\/\/zonaroja.com.mx\/wp-content\/uploads\/2019\/12\/Homenaje-Efectuado-el-dia-2-de-dic.-1024x768.jpeg 1024w, https:\/\/zonaroja.com.mx\/wp-content\/uploads\/2019\/12\/Homenaje-Efectuado-el-dia-2-de-dic.-300x225.jpeg 300w, https:\/\/zonaroja.com.mx\/wp-content\/uploads\/2019\/12\/Homenaje-Efectuado-el-dia-2-de-dic.-768x576.jpeg 768w, https:\/\/zonaroja.com.mx\/wp-content\/uploads\/2019\/12\/Homenaje-Efectuado-el-dia-2-de-dic.-585x439.jpeg 585w, https:\/\/zonaroja.com.mx\/wp-content\/uploads\/2019\/12\/Homenaje-Efectuado-el-dia-2-de-dic..jpeg 1032w\" sizes=\"(max-width: 1024px) 100vw, 1024px\" \/><\/figure>\n\n\n\n<p>\u201cInmediatamente los bajaron de las\ncamionetas y empezaron a disparar, por lo que muchos lograron huir por el monte;\naun con lesiones como el se\u00f1or Ceferino Carmona Carmona, y no as\u00ed el se\u00f1or\nCatalino Barradas Santiago, de 32 a\u00f1os de edad, quien perdi\u00f3 la vida\u2026 de igual\nmanera fue lesionado&nbsp; de un disparo en la\npierna el se\u00f1or Agripino Cortes Salinas quien fue detenido ilegalmente junto\ncon el se\u00f1or Felipe Carmona Velasco\u201d.<\/p>\n\n\n\n<p>\u201cEl d\u00eda domingo 1 de diciembre,\naproximadamente a las ocho de la ma\u00f1ana subieron tres camionetas a la comunidad\nde Santa Luc\u00eda Teotepec, con personas armadas ajenas a la comunidad\nidentificadas del grupo de Fredy Gil Pineda Gopar y del presidente municipal de\nSantos Reyes Nopala, Bulmaro S\u00e1nchez V\u00e1squez, quienes fueron los primeros de\nsubir al lugar de los hechos para borrar evidencias.<\/p>\n\n\n\n<p>\u201cPosteriormente subi\u00f3 personal de la\nFiscal\u00eda general del Estado hacer el levantamiento del cad\u00e1ver, en las\nfotograf\u00edas que se anexan se pueden ver las personas ajenas a la comunidad el\ncual usan guantes y visten pantal\u00f3n de mezclilla y camisa de cuadros\u201d, acus\u00f3\nCedhapi.<\/p>\n\n\n\n<p>Aunado a ello, ayer cuando realizaban\nel funeral de Catalino Barradas Santiago, \u201cun grupo de personas armadas fueron\na disparar a la casa donde se efectuaba el velorio\u201d.<\/p>\n\n\n\n<p>Ante ello, solicit\u00f3 al Grupo de Trabajo\nSobre Detenci\u00f3n Arbitraria de la ONU que emita una acci\u00f3n urgente, as\u00ed como\ntambi\u00e9n a la Defensor\u00eda de Derechos Humanos del Pueblo de Oaxaca y a la\nComisi\u00f3n Interamericana de Derechos Humanos para que emitan una Medida\nCautelar.<\/p>\n\n\n\n<p>Demand\u00f3 a la Fiscal\u00eda General del\nEstado que investigue la ejecuci\u00f3n extrajudicial del defensor de derechos humanos\nvigilante de la legalidad de las elecciones a presidente municipal de Nopala.<\/p>\n","protected":false},"excerpt":{"rendered":"<p>Redacci\u00f3n\/Zona Roja. Oaxaca de Ju\u00e1rez, Oax., 3 de diciembre de 2019.- Polic\u00edas municipales y presuntos&hellip;<\/p>\n","protected":false},"author":2,"featured_media":6320,"comment_status":"closed","ping_status":"open","sticky":false,"template":"","format":"standard","meta":{"_lmt_disableupdate":"","_lmt_disable":"","_jetpack_memberships_contains_paid_content":false,"footnotes":""},"categories":[51],"tags":[1085],"class_list":["post-6318","post","type-post","status-publish","format-standard","has-post-thumbnail","hentry","category-zona-roja","tag-santos-reyes-nopala"],"jetpack_featured_media_url":"https:\/\/zonaroja.com.mx\/wp-content\/uploads\/2019\/12\/Homenaje-Catalino-Barradas.jpeg","jetpack_sharing_enabled":true,"_links":{"self":[{"href":"https:\/\/zonaroja.com.mx\/index.php?rest_route=\/wp\/v2\/posts\/6318","targetHints":{"allow":["GET"]}}],"collection":[{"href":"https:\/\/zonaroja.com.mx\/index.php?rest_route=\/wp\/v2\/posts"}],"about":[{"href":"https:\/\/zonaroja.com.mx\/index.php?rest_route=\/wp\/v2\/types\/post"}],"author":[{"embeddable":true,"href":"https:\/\/zonaroja.com.mx\/index.php?rest_route=\/wp\/v2\/users\/2"}],"replies":[{"embeddable":true,"href":"https:\/\/zonaroja.com.mx\/index.php?rest_route=%2Fwp%2Fv2%2Fcomments&post=6318"}],"version-history":[{"count":1,"href":"https:\/\/zonaroja.com.mx\/index.php?rest_route=\/wp\/v2\/posts\/6318\/revisions"}],"predecessor-version":[{"id":6321,"href":"https:\/\/zonaroja.com.mx\/index.php?rest_route=\/wp\/v2\/posts\/6318\/revisions\/6321"}],"wp:featuredmedia":[{"embeddable":true,"href":"https:\/\/zonaroja.com.mx\/index.php?rest_route=\/wp\/v2\/media\/6320"}],"wp:attachment":[{"href":"https:\/\/zonaroja.com.mx\/index.php?rest_route=%2Fwp%2Fv2%2Fmedia&parent=6318"}],"wp:term":[{"taxonomy":"category","embeddable":true,"href":"https:\/\/zonaroja.com.mx\/index.php?rest_route=%2Fwp%2Fv2%2Fcategories&post=6318"},{"taxonomy":"post_tag","embeddable":true,"href":"https:\/\/zonaroja.com.mx\/index.php?rest_route=%2Fwp%2Fv2%2Ftags&post=6318"}],"curies":[{"name":"wp","href":"https:\/\/api.w.org\/{rel}","templated":true}]}}