{"id":63181,"date":"2023-12-13T20:24:18","date_gmt":"2023-12-14T02:24:18","guid":{"rendered":"http:\/\/www.zonaroja.com.mx\/?p=63181"},"modified":"2023-12-13T20:24:23","modified_gmt":"2023-12-14T02:24:23","slug":"menosprecia-congreso-de-oaxaca-a-las-mujeres-proxima-gobernadora-sera-solo-de-dos-anos","status":"publish","type":"post","link":"https:\/\/zonaroja.com.mx\/?p=63181","title":{"rendered":"Menosprecia Congreso de Oaxaca a las mujeres: pr\u00f3xima gobernadora ser\u00e1 solo de dos a\u00f1os"},"content":{"rendered":"\n<p>Yuridiana Sosa\/Zona Roja.<\/p>\n\n\n\n<p>Oaxaca de Ju\u00e1rez, Oax., a 13 de diciembre de 2023.- La 65 Legislatura del Congreso de Oaxaca vot\u00f3 para reducir a dos a\u00f1os el pr\u00f3ximo mandato estatal, el cual podr\u00eda ser ocupado por una mujer, con el argumento de armonizar las elecciones y reducir presupuestos para los procesos electorales.<\/p>\n\n\n\n<p>Sin embargo, una minor\u00eda de diputadas de las fracciones de Morena, PAN y PRI reprob\u00f3 la propuesta de Comisi\u00f3n Permanente de Estudios Constitucionales al considerarla un retroceso para las mujeres y a la lucha de sus derechos pol\u00edtico electorales.<\/p>\n\n\n\n<p>Pues ante la posibilidad de que la pr\u00f3xima gubernatura de Oaxaca sea ocupada por una mujer, se perfila la actual Senadora de Morena Susana Harp, quien fue opositora interna de Salom\u00f3n Jara Cruz en busca de la candidatura por Morena en el pasado proceso electoral.<\/p>\n\n\n\n<p>El dictamen con proyecto de decreto, para reformar la fracci\u00f3n I, Base A del art\u00edculo 25 de la Constituci\u00f3n Pol\u00edtica de Oaxaca, obtuvo 33 votos a favor y cinco en contra.&nbsp;&nbsp;<\/p>\n\n\n\n<p>El texto reformado establece que: \u201cLas elecciones de Gobernador del Estado, diputados locales y de los ayuntamientos por el r\u00e9gimen de partidos pol\u00edticos y de candidatos independientes se celebrar\u00e1n de manera concurrente con los comicios federales, mediante sufragio universal, libre, secreto y directo el primer domingo de junio del a\u00f1o que corresponda\u201d.<\/p>\n\n\n\n<p>La propuesta estima que la reforma garantiza el derecho de la participaci\u00f3n, as\u00ed como que, la Comisi\u00f3n consider\u00f3 que debe haber congruencia en la transici\u00f3n a un modelo de austeridad, sin sacrificar ni menospreciar la democracia, por lo que esta medida \u201ccontribuye a la correcta aplicaci\u00f3n del gasto p\u00fablico\u201d.&nbsp;<\/p>\n\n\n\n<p>La 65 Legislatura de Oaxaca est\u00e1 compuesta por mayor\u00eda de mujeres, as\u00ed como Morena como la mayor fracci\u00f3n parlamentaria.<\/p>\n\n\n\n<p>CONTRA LA LEY<\/p>\n\n\n\n<p>Previo a la aprobaci\u00f3n de la reforma, las diputadas Natividad D\u00edaz Jim\u00e9nez del PAN; Concepci\u00f3n&nbsp; Rueda G\u00f3mez, de Morena; Mar\u00eda Luisa Matus Fuentes y Lizbeth Concha Ojeda, del PRI, manifestaron su rechazo contra la propuesta.<\/p>\n\n\n\n<p>Desde su curul, la diputada panista reclam\u00f3 al presidente de la Mesa Directiva, Samuel Gurri\u00f3n y al presidente de la Junta de Coordinaci\u00f3n Pol\u00edtica, Sergio L\u00f3pez S\u00e1nchez, las irregularidades e incongruencia que se viven en el Congreso.<\/p>\n\n\n\n<p> \u201cEstamos en un Congreso donde no se respeta, y ni siquiera se manda a llamar a los integrantes de las comisiones para discutir y aprobar estos dict\u00e1menes\u201d, apunt\u00f3.<\/p>\n\n\n\n<p>&nbsp;\u201cNo es correcto como se violenta la dignidad de los diputados que integramos las comisiones, pido respeto e igualdad para las fracciones parlamentarias que somos minor\u00edas, pero que s\u00ed pensamos, que s\u00ed estudiamos y que s\u00ed podemos interpretar una ley\u201d, reclam\u00f3.<\/p>\n\n\n\n<p>La panista se\u00f1al\u00f3 la congruencia del Congreso en el que minutos antes se vot\u00f3 por la transici\u00f3n para que por primera vez una mujer ocupe el cargo de magistrada presidenta del Poder Judicial y despu\u00e9s se van contra ellas.<\/p>\n\n\n\n<p>Desde tribuna, Concepci\u00f3n&nbsp; Rueda G\u00f3mez, de Morena, reclam\u00f3 el hecho y asever\u00f3 que luchar\u00e1 desde los tribunales para echar abajo esa reforma.<\/p>\n\n\n\n<p>\u201cEs mi responsabilidad \u00e9tica y moral advertir una vez m\u00e1s que este Congreso se ha convertido en un espacio en donde se violentan a las mujeres de Oaxaca. Una r\u00e9plica y una caja de resonancia &nbsp;de los machos del patriarcado\u201d, asever\u00f3.<\/p>\n\n\n\n<p>Rueda G\u00f3mez se\u00f1al\u00f3 que por mandato del Instituto Nacional Electoral los partidos pol\u00edticos deber\u00e1n aplicar la alternancia de g\u00e9nero cuando definan las candidaturas a la gubernatura de Oaxaca en la pr\u00f3xima jornada electoral y es muy probable que Oaxaca tenga por primera vez en 200 a\u00f1os una gobernadora.<\/p>\n\n\n\n<p>\u201cPara esto faltan casi cinco a\u00f1os, pero aqu\u00ed, en este Congreso ya les urge minar el camino a las mujeres. Esta propuesta es un riesgo significativo para el principio de la paridad de g\u00e9nero que permite llegar a las mujeres a los espacios de toma de decisiones sustantiva y real\u201d, se\u00f1al\u00f3.<\/p>\n\n\n\n<p>Por lo que sostuvo que la reforma que se vota es un rev\u00e9s a la lucha de todas, un agravio a los ideales transformadores que ponen por delante la lucha feminista.<\/p>\n\n\n\n<p>Ante eso, advirti\u00f3: \u201cEsta propuesta se va a caer, de mi cuenta corre, la vamos a echar abajo en Tribunales, porque ustedes se\u00f1ores diputados y diputadas no pueden estar por encima de la voluntad del 53 por ciento que somos las mujeres en este estado\u201d.&nbsp;<\/p>\n\n\n\n<p>Rueda G\u00f3mez reclam\u00f3 a las compa\u00f1eras legisladoras que &nbsp;\u201cluego andan ah\u00ed llorando y mandando mensajitos\u201d; \u201cMe queda claro que a pesar de que somos mayor\u00eda (mujeres) en esta legislatura, no se ha logrado transformar la vida de las mujeres\u201d.&nbsp;<\/p>\n\n\n\n<p>&nbsp;En su mensaje agreg\u00f3: \u201cAqu\u00ed hay espejismos e hipocres\u00eda igualitaria, porque legislan con el `S\u00ed, se\u00f1or \u0301, sin filtros y sin consecuencias\u201d, con relaci\u00f3n a recibir \u00f3rdenes del Poder Ejecutivo.<\/p>\n\n\n\n<p>Desde su posici\u00f3n, la diputada de Morena convoc\u00f3 a las organizaciones sociales, de la sociedad civil, a las mujeres a unir esfuerzos para defender los derechos pol\u00edticos de las mujeres.&nbsp;<\/p>\n\n\n\n<p>La diputada del PRI, Mar\u00eda Luisa Matus Fuentes, contrapuso el panorama que el Congreso vive con relaci\u00f3n a la defensa de los derechos pol\u00edticos de las mujeres.<\/p>\n\n\n\n<p>Record\u00f3 que recientemente conmemoraron el 70 aniversario del derecho al voto de las mujeres a votar y hacer votadas; de minutos antes votar a favor de las mujeres en la alternancia en el poder judicial, mientras que hoy se vota para reducir la posibilidad de las mujeres para ocupar un cargo importante.<\/p>\n\n\n\n<p>\u201cLas mujeres merecemos acceder a los cargos m\u00e1s importantes en la funci\u00f3n p\u00fablica, a los cargos de elecci\u00f3n popular, y hoy nos encontramos ante una reforma constitucional con dedicatoria, deplorable para las mujeres, para Oaxaca; es una verdadera contradicci\u00f3n de esta soberan\u00eda, de estos legisladores\u201d, sentenci\u00f3.<\/p>\n\n\n\n<p>Agreg\u00f3 que un periodo de dos a\u00f1os para el poder ejecutivo es contradictorio y va en contra de nuestro g\u00e9nero, pues ya se han armonizado las elecciones, pero ahora, precisamente para el pr\u00f3ximo periodo se obedece a una sentencia dictada por la Sala Superior del Tribunal Federal que habla de la alternancia.<\/p>\n\n\n\n<p>\u201cMi niego a creer que cuando las mujeres llegamos es para obedecer, para seguir obedeciendo al sistema patriarcal que cre\u00f3 las leyes y las instituciones\u201d. \u201cOaxaca merece tener gobernadora, pero por seis a\u00f1os, no por 2 ni por convenir a otro tipo de intereses\u201d. \u201cPor favor varones ya basta de ejercer el patriarcado, demos la oportunidad a las mujeres\u201d, expuso Matus Fuentes.<\/p>\n\n\n\n<p>En tanto, Lizbeth Concha Ojeda, del PRI, se\u00f1al\u00f3 que la reforma obstaculiza la participaci\u00f3n pol\u00edtica de las mujeres y produce un efecto contrario al que se pretende atender.&nbsp;<\/p>\n\n\n\n<p>\u201cMe sorprende que ahora que somos mayor\u00eda en el congreso se vote contra de las mujeres, esto significa un retroceso a los avances que hemos tenido en materia de derechos pol\u00edticos electorales para nosotras\u201d, precis\u00f3.&nbsp;<\/p>\n\n\n\n<p>Y sostuvo que la concurrencia de las elecciones pueden lograrse con la gubernatura de cinco a\u00f1os, por eso llam\u00f3 a las diputadas y diputados a que, independientemente de sus afiliaciones y afinidades pol\u00edticas, respetaran la lucha de las mujeres que han cerrado la brecha en la cancha pol\u00edtico electoral. <\/p>\n","protected":false},"excerpt":{"rendered":"<p>Yuridiana Sosa\/Zona Roja. Oaxaca de Ju\u00e1rez, Oax., a 13 de diciembre de 2023.- La 65&hellip;<\/p>\n","protected":false},"author":2,"featured_media":63180,"comment_status":"closed","ping_status":"open","sticky":false,"template":"","format":"standard","meta":{"_lmt_disableupdate":"","_lmt_disable":"","_jetpack_memberships_contains_paid_content":false,"footnotes":""},"categories":[109,47],"tags":[],"class_list":["post-63181","post","type-post","status-publish","format-standard","has-post-thumbnail","hentry","category-minuto-a-minuto","category-zona-gris"],"jetpack_featured_media_url":"https:\/\/zonaroja.com.mx\/wp-content\/uploads\/2023\/12\/Sesion-Congreso-Oaxaca.jpg","jetpack_sharing_enabled":true,"_links":{"self":[{"href":"https:\/\/zonaroja.com.mx\/index.php?rest_route=\/wp\/v2\/posts\/63181","targetHints":{"allow":["GET"]}}],"collection":[{"href":"https:\/\/zonaroja.com.mx\/index.php?rest_route=\/wp\/v2\/posts"}],"about":[{"href":"https:\/\/zonaroja.com.mx\/index.php?rest_route=\/wp\/v2\/types\/post"}],"author":[{"embeddable":true,"href":"https:\/\/zonaroja.com.mx\/index.php?rest_route=\/wp\/v2\/users\/2"}],"replies":[{"embeddable":true,"href":"https:\/\/zonaroja.com.mx\/index.php?rest_route=%2Fwp%2Fv2%2Fcomments&post=63181"}],"version-history":[{"count":1,"href":"https:\/\/zonaroja.com.mx\/index.php?rest_route=\/wp\/v2\/posts\/63181\/revisions"}],"predecessor-version":[{"id":63182,"href":"https:\/\/zonaroja.com.mx\/index.php?rest_route=\/wp\/v2\/posts\/63181\/revisions\/63182"}],"wp:featuredmedia":[{"embeddable":true,"href":"https:\/\/zonaroja.com.mx\/index.php?rest_route=\/wp\/v2\/media\/63180"}],"wp:attachment":[{"href":"https:\/\/zonaroja.com.mx\/index.php?rest_route=%2Fwp%2Fv2%2Fmedia&parent=63181"}],"wp:term":[{"taxonomy":"category","embeddable":true,"href":"https:\/\/zonaroja.com.mx\/index.php?rest_route=%2Fwp%2Fv2%2Fcategories&post=63181"},{"taxonomy":"post_tag","embeddable":true,"href":"https:\/\/zonaroja.com.mx\/index.php?rest_route=%2Fwp%2Fv2%2Ftags&post=63181"}],"curies":[{"name":"wp","href":"https:\/\/api.w.org\/{rel}","templated":true}]}}