{"id":63186,"date":"2023-12-14T07:20:00","date_gmt":"2023-12-14T13:20:00","guid":{"rendered":"http:\/\/www.zonaroja.com.mx\/?p=63186"},"modified":"2023-12-14T06:43:56","modified_gmt":"2023-12-14T12:43:56","slug":"morena-no-es-invencible-tambien-en-senado-le-frenaron-eleccion-de-ministro","status":"publish","type":"post","link":"https:\/\/zonaroja.com.mx\/?p=63186","title":{"rendered":"Morena no es invencible: tambi\u00e9n en Senado le frenaron elecci\u00f3n de ministro"},"content":{"rendered":"\n<p>Redacci\u00f3n\/Zona Roja Cdmx.<\/p>\n\n\n\n<p>Ciudad de M\u00e9xico, a 14 de diciembre de 2023.- El senador Ricardo Monreal anunci\u00f3 que la votaci\u00f3n de la ministra de la Suprema Corte de Justicia de la Naci\u00f3n (SCJN) se encuentra en medio de una ruptura de acuerdos, destacadamente con Movimiento Ciudadano, con el que su partido pudo haber construido la mayor\u00eda calificada para ese y un centenar de nombramientos pendientes y que negociaba sacar en bloque.<\/p>\n\n\n\n<p>\u201cIba muy avanzado, por dos o tres nombres ya no se pudo procesar para magistrados del TEPJF, en este momento est\u00e1n suspendidas las pl\u00e1ticas. Aunque se van a someter a votaci\u00f3n no hay un acuerdo previo\u201d, dijo.<\/p>\n\n\n\n<p>Ante ese escenario, el relevo en la Corte se perfila para que termine por ser v\u00eda la designaci\u00f3n directa del presidente Andr\u00e9s Manuel L\u00f3pez Obrador, cuando, eventualmente, la terna sea rechazada en las pr\u00f3ximas horas.<\/p>\n\n\n\n<p>\u201cMe temo que s\u00ed, ser\u00e1 la primera vez en la historia del pa\u00eds\u201d, en que el Ejecutivo ejerza esa facultad ,dijo Monreal, quien plante\u00f3 que se intentar\u00e1 alcanzar los votos.<\/p>\n\n\n\n<p>LA ENCERRONA<\/p>\n\n\n\n<p>Apenas este martes 12, los grupos parlamentarios en el Senado se encerraron en la Junta de Coordinaci\u00f3n Pol\u00edtica (Jucopo) para amarrar acuerdos en un gran bloque de designaciones que se acumulan en esa C\u00e1mara, aunque el mismo Monreal asegur\u00f3 que \u201cno era un trueque\u201d.<\/p>\n\n\n\n<p>Admiti\u00f3 que los acuerdos que \u00e9l intent\u00f3 construir fueron con Movimiento Ciudadano y que las designaciones pendientes en el Instituto Nacional de Transparencia, Acceso a la Informaci\u00f3n y Protecci\u00f3n de Datos Personales (INAI) ni siquiera estaban a negociaci\u00f3n, ya que Morena no lo tiene como parte de las prioridades, por lo que admiti\u00f3, el Senado s\u00ed podr\u00eda quedar en desacato al no nombrar dos comisionados cuando este 15 de diciembre se clausure el periodo ordinario de sesiones.<\/p>\n\n\n\n<p>Explic\u00f3 que dos nombres de propuestas para magistrados del Tribunal Electoral del Poder Judicial de la Federaci\u00f3n (TEPJF) que est\u00e1n pendientes de designaci\u00f3n, bloquearon el acuerdo con MC.<\/p>\n\n\n\n<p>\u201cCuando nos sentamos a la mesa de di\u00e1logo ellos plantearon, nuestra contraparte, un acuerdo integral porque incluso estuvimos a punto de sacar no la Sala Superior pero si las Salas Regionales, o si la ministra de la Corte por separado u otras propuestas y ellos dijeron no: el acuerdo es integral. Si no sale uno, no sale nada\u201d, declar\u00f3.<\/p>\n\n\n\n<p>REPARTO DE CUOTAS<\/p>\n\n\n\n<p>Al arranque de la sesi\u00f3n el Senado de la Rep\u00fablica, se escuch\u00f3 la exigencia de Movimiento Ciudadano (MC) y del Grupo Plural de debatir sobre la crisis en la Sala Superior del Tribunal Electoral del Poder Judicial de la Federaci\u00f3n (TEPJF), donde incluso hay denuncias de acoso y violaci\u00f3n sexual de parte de un magistrado.<\/p>\n\n\n\n<p>Dante Delgado denunci\u00f3 que en las negociaciones ha habido \u201creparto\u201d de magistrados electorales, y esto ha sido entre Morena y el resto de la oposici\u00f3n.<\/p>\n\n\n\n<p>\u201cFuera m\u00e1scaras\u201d, dijo Delgado al acusar al resto de la oposici\u00f3n de negociar la repartici\u00f3n de cargos en el TEPJF.<\/p>\n\n\n\n<p>(Informaci\u00f3n de \u201cExpansi\u00f3n Pol\u00edtica\u201d)<\/p>\n","protected":false},"excerpt":{"rendered":"<p>Redacci\u00f3n\/Zona Roja Cdmx. Ciudad de M\u00e9xico, a 14 de diciembre de 2023.- El senador Ricardo&hellip;<\/p>\n","protected":false},"author":2,"featured_media":46068,"comment_status":"closed","ping_status":"open","sticky":false,"template":"","format":"standard","meta":{"_lmt_disableupdate":"","_lmt_disable":"","_jetpack_memberships_contains_paid_content":false,"footnotes":""},"categories":[109,47],"tags":[771],"class_list":["post-63186","post","type-post","status-publish","format-standard","has-post-thumbnail","hentry","category-minuto-a-minuto","category-zona-gris","tag-senado-de-la-republica"],"jetpack_featured_media_url":"https:\/\/zonaroja.com.mx\/wp-content\/uploads\/2022\/09\/Senado-sesion.webp","jetpack_sharing_enabled":true,"_links":{"self":[{"href":"https:\/\/zonaroja.com.mx\/index.php?rest_route=\/wp\/v2\/posts\/63186","targetHints":{"allow":["GET"]}}],"collection":[{"href":"https:\/\/zonaroja.com.mx\/index.php?rest_route=\/wp\/v2\/posts"}],"about":[{"href":"https:\/\/zonaroja.com.mx\/index.php?rest_route=\/wp\/v2\/types\/post"}],"author":[{"embeddable":true,"href":"https:\/\/zonaroja.com.mx\/index.php?rest_route=\/wp\/v2\/users\/2"}],"replies":[{"embeddable":true,"href":"https:\/\/zonaroja.com.mx\/index.php?rest_route=%2Fwp%2Fv2%2Fcomments&post=63186"}],"version-history":[{"count":1,"href":"https:\/\/zonaroja.com.mx\/index.php?rest_route=\/wp\/v2\/posts\/63186\/revisions"}],"predecessor-version":[{"id":63187,"href":"https:\/\/zonaroja.com.mx\/index.php?rest_route=\/wp\/v2\/posts\/63186\/revisions\/63187"}],"wp:featuredmedia":[{"embeddable":true,"href":"https:\/\/zonaroja.com.mx\/index.php?rest_route=\/wp\/v2\/media\/46068"}],"wp:attachment":[{"href":"https:\/\/zonaroja.com.mx\/index.php?rest_route=%2Fwp%2Fv2%2Fmedia&parent=63186"}],"wp:term":[{"taxonomy":"category","embeddable":true,"href":"https:\/\/zonaroja.com.mx\/index.php?rest_route=%2Fwp%2Fv2%2Fcategories&post=63186"},{"taxonomy":"post_tag","embeddable":true,"href":"https:\/\/zonaroja.com.mx\/index.php?rest_route=%2Fwp%2Fv2%2Ftags&post=63186"}],"curies":[{"name":"wp","href":"https:\/\/api.w.org\/{rel}","templated":true}]}}