{"id":63188,"date":"2023-12-14T08:30:00","date_gmt":"2023-12-14T14:30:00","guid":{"rendered":"http:\/\/www.zonaroja.com.mx\/?p=63188"},"modified":"2023-12-14T06:49:06","modified_gmt":"2023-12-14T12:49:06","slug":"hallan-irregularidades-por-2-mil-mdp-en-ultimo-ano-de-murat-hinojosa","status":"publish","type":"post","link":"https:\/\/zonaroja.com.mx\/?p=63188","title":{"rendered":"Hallan irregularidades por 2 mil mdp en \u00faltimo a\u00f1o de Murat Hinojosa"},"content":{"rendered":"\n<p>Redacci\u00f3n\/Estado 20.<\/p>\n\n\n\n<p>Oaxaca de Ju\u00e1rez, Oax., a 14 de diciembre de 2023.- Por irregularidades y observaciones no atendidas que superan los dos mil millones de pesos, la Comisi\u00f3n Permanente de Vigilancia de la Auditor\u00eda Superior de Fiscalizaci\u00f3n del Estado de la 65 Legislatura del Congreso de Oaxaca determin\u00f3 no aprobar la Cuenta P\u00fablica del a\u00f1o 2022 del ex gobernador Alejandro Murat Hinojosa y las cuentas p\u00fablicas de 47 municipios.<\/p>\n\n\n\n<p>De acuerdo con el dictamen de la Comisi\u00f3n, un total de 14 dependencias del Gobierno del Estado no solventaron 677 millones 154 mil 285.74 pesos de las observaciones realizadas por la Auditor\u00eda Superior de Fiscalizaci\u00f3n del Estado.<\/p>\n\n\n\n<p>Entre esas dependencias se encuentran el Instituto Oaxaque\u00f1o de Infraestructura Educativa, la Comisi\u00f3n Estatal del Agua, la Comisi\u00f3n Estatal de la Vivienda, la Secretar\u00eda de las Infraestructuras y el Ordenamiento Territorial, la Secretar\u00eda de la Contralor\u00eda y Transparencia Gubernamental y el Instituto Estatal de Educaci\u00f3n P\u00fablica de Oaxaca.<\/p>\n\n\n\n<p>Mientras que, en el caso de las cuentas p\u00fablicas de los municipios, detalla que un total de 47 ayuntamientos no solventaron observaciones por mil 350 millones 109 mil 882.94 pesos.<\/p>\n\n\n\n<p>En el caso de la cuenta p\u00fablica del 2022 del ex gobernador Alejandro Murat, las irregularidades m\u00e1s recurrentes fueron la omisi\u00f3n en la implementaci\u00f3n de acciones para la implementaci\u00f3n del Marco Integrado de Control Interno (MICI), modelo general de control interno, emitido en el Marco del Sistema Nacional de Fiscalizaci\u00f3n.<\/p>\n\n\n\n<p>As\u00ed como inconsistencias en los registros contables de los ingresos ministrados por la Secretaria de Finanzas; la falta de presentaci\u00f3n de Comprobantes Fiscales Digitales; saldos reflejados en las cuentas de caja y bancos al 31 de diciembre de 2022, no devengados ni recuperados al cierre del ejercicio; registros contables de las operaciones del ejercicio de gasto por concepto de Servicios Personales, Materiales y Suministros, Servicios Generales y Otras Ayudas, no soportados con su respectiva documentaci\u00f3n justificativa, relativa a las solicitudes y autorizaciones del gasto, procedimientos de contrataci\u00f3n, as\u00ed como evidencia de los bienes adquiridos, servicios contratados o ayudas otorgadas.<\/p>\n\n\n\n<p>En materia de obra, se detectaron irregularidades, relativas a la integraci\u00f3n documental del expediente t\u00e9cnico, correspondiente a la planeaci\u00f3n, autorizaci\u00f3n, adjudicaci\u00f3n, contrataci\u00f3n, ejecuci\u00f3n, comprobaci\u00f3n, entrega y recepci\u00f3n de la obra; asimismo, se detectaron pagos indebidos, derivados por vol\u00famenes de obra no ejecutados, falta de evidencia fotogr\u00e1fica en las estimaciones correspondientes, conceptos de obra que no cumplieron con las caracter\u00edsticas y especificaciones contratadas.<\/p>\n\n\n\n<p>A lo anterior se suma la falta de presentaci\u00f3n del Programa Anual de Obra P\u00fablica y el Padr\u00f3n de Contratistas, la evidencia de su publicaci\u00f3n, la suma de los montos contratados por excepci\u00f3n a la licitaci\u00f3n p\u00fablica excedi\u00f3 del 30 por ciento del presupuesto autorizado de obra p\u00fablica y celebrar contratos que se encontraron por encima del monto m\u00e1ximo para adjudicar la obra por excepci\u00f3n a la licitaci\u00f3n p\u00fablica.<\/p>\n","protected":false},"excerpt":{"rendered":"<p>Redacci\u00f3n\/Estado 20. Oaxaca de Ju\u00e1rez, Oax., a 14 de diciembre de 2023.- Por irregularidades y&hellip;<\/p>\n","protected":false},"author":2,"featured_media":42203,"comment_status":"closed","ping_status":"open","sticky":false,"template":"","format":"standard","meta":{"_lmt_disableupdate":"","_lmt_disable":"","_jetpack_memberships_contains_paid_content":false,"footnotes":""},"categories":[109,47],"tags":[173],"class_list":["post-63188","post","type-post","status-publish","format-standard","has-post-thumbnail","hentry","category-minuto-a-minuto","category-zona-gris","tag-alejandro-murat-hinojosa"],"jetpack_featured_media_url":"https:\/\/zonaroja.com.mx\/wp-content\/uploads\/2022\/06\/Alejandro-Murat-huracan.jpg","jetpack_sharing_enabled":true,"_links":{"self":[{"href":"https:\/\/zonaroja.com.mx\/index.php?rest_route=\/wp\/v2\/posts\/63188","targetHints":{"allow":["GET"]}}],"collection":[{"href":"https:\/\/zonaroja.com.mx\/index.php?rest_route=\/wp\/v2\/posts"}],"about":[{"href":"https:\/\/zonaroja.com.mx\/index.php?rest_route=\/wp\/v2\/types\/post"}],"author":[{"embeddable":true,"href":"https:\/\/zonaroja.com.mx\/index.php?rest_route=\/wp\/v2\/users\/2"}],"replies":[{"embeddable":true,"href":"https:\/\/zonaroja.com.mx\/index.php?rest_route=%2Fwp%2Fv2%2Fcomments&post=63188"}],"version-history":[{"count":1,"href":"https:\/\/zonaroja.com.mx\/index.php?rest_route=\/wp\/v2\/posts\/63188\/revisions"}],"predecessor-version":[{"id":63189,"href":"https:\/\/zonaroja.com.mx\/index.php?rest_route=\/wp\/v2\/posts\/63188\/revisions\/63189"}],"wp:featuredmedia":[{"embeddable":true,"href":"https:\/\/zonaroja.com.mx\/index.php?rest_route=\/wp\/v2\/media\/42203"}],"wp:attachment":[{"href":"https:\/\/zonaroja.com.mx\/index.php?rest_route=%2Fwp%2Fv2%2Fmedia&parent=63188"}],"wp:term":[{"taxonomy":"category","embeddable":true,"href":"https:\/\/zonaroja.com.mx\/index.php?rest_route=%2Fwp%2Fv2%2Fcategories&post=63188"},{"taxonomy":"post_tag","embeddable":true,"href":"https:\/\/zonaroja.com.mx\/index.php?rest_route=%2Fwp%2Fv2%2Ftags&post=63188"}],"curies":[{"name":"wp","href":"https:\/\/api.w.org\/{rel}","templated":true}]}}