{"id":63190,"date":"2023-12-14T09:30:00","date_gmt":"2023-12-14T15:30:00","guid":{"rendered":"http:\/\/www.zonaroja.com.mx\/?p=63190"},"modified":"2023-12-14T06:59:13","modified_gmt":"2023-12-14T12:59:13","slug":"una-persona-sin-experiencia-podria-ser-proxima-titular-del-poder-judicial","status":"publish","type":"post","link":"https:\/\/zonaroja.com.mx\/?p=63190","title":{"rendered":"Una persona sin experiencia, podr\u00eda ser pr\u00f3xima titular del Poder Judicial"},"content":{"rendered":"\n<p>Redacci\u00f3n\/Zona Roja.<\/p>\n\n\n\n<p>Oaxaca de Ju\u00e1rez, Oax. 14 de diciembre de 2023.- El Congreso del Estado de Oaxaca aprob\u00f3 ayer una reforma al art\u00edculo 103 de la Constituci\u00f3n Pol\u00edtica en materia de alternancia de g\u00e9nero, para que una mujer encabezar el Poder Judicial del Estado.<\/p>\n\n\n\n<p>Sin embargo, elimin\u00f3 el requisito de tres a\u00f1os en sala como experiencia para poder acceder a esa posici\u00f3n, por lo cual, cualquiera de las magistradas que se designar\u00e1n podr\u00e1 ocupar el cargo.<\/p>\n\n\n\n<p>Fue con 38 votos a favor en que se dio el aval ayer, sin que diputado o diputada alzara la voz por la eliminaci\u00f3n del requisito de experiencia.<\/p>\n\n\n\n<p>\u201cEn sesi\u00f3n ordinaria, las y los diputados aprobaron el dictamen emitido por la Comisi\u00f3n Permanente de Estudios Constitucionales, la cual analiz\u00f3 y dictamin\u00f3 la iniciativa presentada por el Grupo Parlamentario de Morena, a trav\u00e9s de la cual se busca acortar la brecha de desigualdad entre hombres y mujeres en el acceso a la vida p\u00fablica.&nbsp;&nbsp;<\/p>\n\n\n\n<p>\u201cAl dictaminar la propuesta, la comisi\u00f3n legislativa destac\u00f3 que esta reforma constitucional establece que en la elecci\u00f3n de la presidencia debe respetarse el principio de alternancia de g\u00e9nero, como una medida para la reparaci\u00f3n al da\u00f1o hist\u00f3rico que se ha hecho a los derechos de las mujeres\u201d, destac\u00f3 el Congreso en un comunicado.&nbsp;&nbsp;<\/p>\n\n\n\n<p>\u201cEsta modificaci\u00f3n constitucional contempla la eliminaci\u00f3n del requisito que exig\u00eda que para ser magistrada o magistrado presidente requer\u00eda integrar sala en el Tribunal Superior de Justicia del Estado, por un m\u00ednimo de tres a\u00f1os\u201d, resalt\u00f3 en su bolet\u00edn. &nbsp;<\/p>\n\n\n\n<p>HACER HISTORIA<\/p>\n\n\n\n<p>Con esta reforma, Oaxaca podr\u00e1 convertirse en la entidad n\u00famero 13 del pa\u00eds que abone a la participaci\u00f3n de las mujeres en asumir el cargo de presidenta del Poder Judicial del Estado.&nbsp;<\/p>\n\n\n\n<p>Hist\u00f3ricamente en Oaxaca desde 1824 que se constituy\u00f3 el primer Tribunal de Justicia del Estado, se tuvo que en el a\u00f1o 2019 una mujer ha ocupado la presidencia en forma interina del Poder Judicial.&nbsp;<\/p>\n\n\n\n<p>El principio de alternancia de g\u00e9nero es una herramienta que sirve para asegurar la participaci\u00f3n pol\u00edtica de las mujeres en forma sucesiva e intercalada.&nbsp;<\/p>\n\n\n\n<p>Este decreto aprobado entrar\u00e1 en vigor al d\u00eda siguiente de su publicaci\u00f3n en el Peri\u00f3dico Oficial del Estado.<\/p>\n\n\n\n<p>RECIBE TERNAS<\/p>\n\n\n\n<p>Por otra parte, tambi\u00e9n ayer el pleno de la 65 Legislatura del Congreso del Estado, recibi\u00f3 las ternas propuestas por el gobernador de Oaxaca, Salom\u00f3n Jara Cruz, para ocupar los cargos de cuatro magistradas y un magistrado en el Tribunal Superior de Justicia del Estado.<\/p>\n\n\n\n<p>En la terna de la convocatoria p\u00fablica exclusiva para mujeres para acceder al cargo de magistrada, publicada el 7 de enero de 2023, se propuso a las ciudadanas Yadira Castillo Ortiz, Margarita Leonor Gopar P\u00e9rez y Silvia Mar\u00eda Montalvo Salazar.<\/p>\n\n\n\n<p>Respecto de la terna exclusiva para juezas del Poder Judicial del Estado, derivado de la convocatoria publicada el 16 de noviembre de 2023, est\u00e1 conformada por las ciudadanas Adriana L\u00f3pez Arango, \u00c9rika Mar\u00eda Rodr\u00edguez Rodr\u00edguez y Mar\u00eda Teresa Quevedo S\u00e1nchez.<\/p>\n\n\n\n<p>Dentro de la tercera terna para la convocatoria p\u00fablica dirigida a mujeres para acceder a magistraturas del Tribunal, se encuentran Tania Cervantes Carrasco, Mar\u00eda Cristina Mart\u00ednez Tenorio y Ver\u00f3nica Mar\u00eda de los \u00c1ngeles Morales D\u00edaz.<\/p>\n\n\n\n<p>La otra terna propuesta por el titular del Poder Ejecutivo, compuesta por mujeres abogadas, se encuentran participando por el cargo las ciudadanas Flor de Mar\u00eda Arellanes Luna, Martha Elena Castillejos S\u00e1nchez y Celia Aspiroz Garc\u00eda.<\/p>\n\n\n\n<p>En tanto, para ocupar el cargo de magistrado de dicho tribunal, el gobernador de Oaxaca propuso como candidatos a los ciudadanos Jorge Armando F\u00e9lix Toledano, Javier Garc\u00eda P\u00e9rez y Vicente Huerta Escudero.<\/p>\n\n\n\n<p>La Mesa Directiva turn\u00f3 las ternas a la Comisi\u00f3n Permanente de Administraci\u00f3n y Procuraci\u00f3n de Justicia, para que las y los congresistas integrantes entrevisten a las personas candidatas a las magistraturas del Poder Judicial de Oaxaca.<\/p>\n","protected":false},"excerpt":{"rendered":"<p>Redacci\u00f3n\/Zona Roja. Oaxaca de Ju\u00e1rez, Oax. 14 de diciembre de 2023.- El Congreso del Estado&hellip;<\/p>\n","protected":false},"author":2,"featured_media":49300,"comment_status":"closed","ping_status":"open","sticky":false,"template":"","format":"standard","meta":{"_lmt_disableupdate":"","_lmt_disable":"","_jetpack_memberships_contains_paid_content":false,"footnotes":""},"categories":[109,47],"tags":[2743],"class_list":["post-63190","post","type-post","status-publish","format-standard","has-post-thumbnail","hentry","category-minuto-a-minuto","category-zona-gris","tag-65-legislatura-del-estado-de-oaxaca"],"jetpack_featured_media_url":"https:\/\/zonaroja.com.mx\/wp-content\/uploads\/2022\/12\/Sesion-Congreso-Oaxaca.jpeg","jetpack_sharing_enabled":true,"_links":{"self":[{"href":"https:\/\/zonaroja.com.mx\/index.php?rest_route=\/wp\/v2\/posts\/63190","targetHints":{"allow":["GET"]}}],"collection":[{"href":"https:\/\/zonaroja.com.mx\/index.php?rest_route=\/wp\/v2\/posts"}],"about":[{"href":"https:\/\/zonaroja.com.mx\/index.php?rest_route=\/wp\/v2\/types\/post"}],"author":[{"embeddable":true,"href":"https:\/\/zonaroja.com.mx\/index.php?rest_route=\/wp\/v2\/users\/2"}],"replies":[{"embeddable":true,"href":"https:\/\/zonaroja.com.mx\/index.php?rest_route=%2Fwp%2Fv2%2Fcomments&post=63190"}],"version-history":[{"count":1,"href":"https:\/\/zonaroja.com.mx\/index.php?rest_route=\/wp\/v2\/posts\/63190\/revisions"}],"predecessor-version":[{"id":63191,"href":"https:\/\/zonaroja.com.mx\/index.php?rest_route=\/wp\/v2\/posts\/63190\/revisions\/63191"}],"wp:featuredmedia":[{"embeddable":true,"href":"https:\/\/zonaroja.com.mx\/index.php?rest_route=\/wp\/v2\/media\/49300"}],"wp:attachment":[{"href":"https:\/\/zonaroja.com.mx\/index.php?rest_route=%2Fwp%2Fv2%2Fmedia&parent=63190"}],"wp:term":[{"taxonomy":"category","embeddable":true,"href":"https:\/\/zonaroja.com.mx\/index.php?rest_route=%2Fwp%2Fv2%2Fcategories&post=63190"},{"taxonomy":"post_tag","embeddable":true,"href":"https:\/\/zonaroja.com.mx\/index.php?rest_route=%2Fwp%2Fv2%2Ftags&post=63190"}],"curies":[{"name":"wp","href":"https:\/\/api.w.org\/{rel}","templated":true}]}}