{"id":63192,"date":"2023-12-14T10:30:00","date_gmt":"2023-12-14T16:30:00","guid":{"rendered":"http:\/\/www.zonaroja.com.mx\/?p=63192"},"modified":"2023-12-14T07:22:14","modified_gmt":"2023-12-14T13:22:14","slug":"sentencian-a-30-anos-de-prision-a-homicida-de-la-sierra-sur-de-oaxaca","status":"publish","type":"post","link":"https:\/\/zonaroja.com.mx\/?p=63192","title":{"rendered":"Sentencian a 30 a\u00f1os de prisi\u00f3n a homicida de la Sierra Sur de Oaxaca"},"content":{"rendered":"\n<p>Redacci\u00f3n\/Zona Roja.<\/p>\n\n\n\n<p>Oaxaca de Ju\u00e1rez, Oax., a 14 de diciembre de 2023.- La Fiscal\u00eda General del Estado de Oaxaca (FGEO) obtuvo una sentencia condenatoria de 30 a\u00f1os de prisi\u00f3n contra Heriberto Z. R., responsable del delito de homicidio calificado con ventaja, cometido en agravio de una persona del sexo masculino identificado como A.R.D., en hechos ocurridos en la regi\u00f3n de la Sierra Sur.<\/p>\n\n\n\n<p>De acuerdo con la causa penal, el 30 de agosto de 2018, Heriberto Z. R. lleg\u00f3 a inmediaciones del camino de terracer\u00eda que conduce a T\u00f3bala, en el municipio de Santiago Minas, perteneciente al distrito de Sola de Vega, donde se encontraba la v\u00edctima, en contra de quien realiz\u00f3 disparos en repetidas ocasiones, lesion\u00e1ndolo en varias partes del cuerpo, heridas que le provocaron la muerte.<\/p>\n\n\n\n<p>Ante los hechos, la Vicefiscal\u00eda General de Control Regional atrajo las investigaciones del caso, las cuales permitieron obtener una orden de aprehensi\u00f3n por la cual fue posible realizar la detenci\u00f3n de Heriberto Z. R., quien fue presentado ante el Juez de Control y posteriormente al Tribunal de Enjuiciamiento, el cual, tras evaluar las pruebas aportadas por la FGEO, dict\u00f3 sentencia condenatoria de 30 a\u00f1os de prisi\u00f3n.<\/p>\n\n\n\n<p>El trabajo de la Fiscal\u00eda tiene como objetivo procurar justicia&nbsp;a las v\u00edctimas directas e indirectas de delitos puedan obtener reparaci\u00f3n integral del da\u00f1o.<\/p>\n\n\n\n<p>VIOL\u00d3 A UNA MUJER<\/p>\n\n\n\n<p>Por otra parte, la Fiscal\u00eda General obtuvo auto de Vinculaci\u00f3n a Proceso contra una persona del sexo masculino identificada por las iniciales J. J. S. A., por el delito de Violaci\u00f3n Agravada en contra de una mujer, hechos ocurridos en la regi\u00f3n de la Sierra Sur<\/p>\n\n\n\n<p>De acuerdo con la causa penal, la v\u00edctima y el imputado est\u00e1n legalmente casados y, ocho meses despu\u00e9s de contraer matrimonio, la mujer comenz\u00f3 a vivir violencia f\u00edsica y psicol\u00f3gica.<\/p>\n\n\n\n<p>En la denuncia, la v\u00edctima narr\u00f3 que, el 24 de abril de 2017, cuando se encontraba en su domicilio, localizado en la colonia centro del municipio de Villa Sola de Vega, lleg\u00f3 su esposo, quien la agredi\u00f3 f\u00edsicamente para someterla y posteriormente agredirla de manera sexual, conducta que constituye la comisi\u00f3n del delito de Violaci\u00f3n Agravada.<\/p>\n\n\n\n<p>Ante estos hechos y tras la denuncia presentada, la FGEO inici\u00f3 una investigaci\u00f3n a trav\u00e9s de la Vicefiscal\u00eda General de Control Regional, que luego de realizar los peritajes m\u00e9dicos, estableci\u00f3 que la v\u00edctima presentaba diversas lesiones en el cuerpo y datos de agresi\u00f3n sexual reciente, entre otras pruebas cient\u00edficas que se sumaron a los resultados de los trabajos ministeriales.&nbsp;<\/p>\n\n\n\n<p>Luego de obtener una orden de aprehensi\u00f3n por estos hechos, se logr\u00f3 la detenci\u00f3n del imputado que fue llevado a audiencia, en la que la Juez de Control dict\u00f3 auto de vinculaci\u00f3n a proceso en contra de J. J. S. A. por el delito de Violaci\u00f3n Agravada, imponiendo la medida cautelar de prisi\u00f3n preventiva, adem\u00e1s que otorg\u00f3 tres meses para el cierre de investigaci\u00f3n complementaria.<\/p>\n\n\n\n<p>La Fiscal\u00eda General de Oaxaca reitera en los hechos su compromiso de llevar ante la justicia a todo aquel que incurra en delitos que vulneran la integridad f\u00edsica y sexual de mujeres, ni\u00f1as y adolescentes.<\/p>\n","protected":false},"excerpt":{"rendered":"<p>Redacci\u00f3n\/Zona Roja. Oaxaca de Ju\u00e1rez, Oax., a 14 de diciembre de 2023.- La Fiscal\u00eda General&hellip;<\/p>\n","protected":false},"author":2,"featured_media":37281,"comment_status":"closed","ping_status":"open","sticky":false,"template":"","format":"standard","meta":{"_lmt_disableupdate":"","_lmt_disable":"","_jetpack_memberships_contains_paid_content":false,"footnotes":""},"categories":[109,46],"tags":[494],"class_list":["post-63192","post","type-post","status-publish","format-standard","has-post-thumbnail","hentry","category-minuto-a-minuto","category-zona-blanca","tag-fiscalia-general-del-estado-de-oaxaca"],"jetpack_featured_media_url":"https:\/\/zonaroja.com.mx\/wp-content\/uploads\/2022\/02\/Sentencia-corte-tribunal-poder-judicial.jpg","jetpack_sharing_enabled":true,"_links":{"self":[{"href":"https:\/\/zonaroja.com.mx\/index.php?rest_route=\/wp\/v2\/posts\/63192","targetHints":{"allow":["GET"]}}],"collection":[{"href":"https:\/\/zonaroja.com.mx\/index.php?rest_route=\/wp\/v2\/posts"}],"about":[{"href":"https:\/\/zonaroja.com.mx\/index.php?rest_route=\/wp\/v2\/types\/post"}],"author":[{"embeddable":true,"href":"https:\/\/zonaroja.com.mx\/index.php?rest_route=\/wp\/v2\/users\/2"}],"replies":[{"embeddable":true,"href":"https:\/\/zonaroja.com.mx\/index.php?rest_route=%2Fwp%2Fv2%2Fcomments&post=63192"}],"version-history":[{"count":1,"href":"https:\/\/zonaroja.com.mx\/index.php?rest_route=\/wp\/v2\/posts\/63192\/revisions"}],"predecessor-version":[{"id":63193,"href":"https:\/\/zonaroja.com.mx\/index.php?rest_route=\/wp\/v2\/posts\/63192\/revisions\/63193"}],"wp:featuredmedia":[{"embeddable":true,"href":"https:\/\/zonaroja.com.mx\/index.php?rest_route=\/wp\/v2\/media\/37281"}],"wp:attachment":[{"href":"https:\/\/zonaroja.com.mx\/index.php?rest_route=%2Fwp%2Fv2%2Fmedia&parent=63192"}],"wp:term":[{"taxonomy":"category","embeddable":true,"href":"https:\/\/zonaroja.com.mx\/index.php?rest_route=%2Fwp%2Fv2%2Fcategories&post=63192"},{"taxonomy":"post_tag","embeddable":true,"href":"https:\/\/zonaroja.com.mx\/index.php?rest_route=%2Fwp%2Fv2%2Ftags&post=63192"}],"curies":[{"name":"wp","href":"https:\/\/api.w.org\/{rel}","templated":true}]}}