{"id":63194,"date":"2023-12-14T12:22:00","date_gmt":"2023-12-14T18:22:00","guid":{"rendered":"http:\/\/www.zonaroja.com.mx\/?p=63194"},"modified":"2023-12-14T07:30:07","modified_gmt":"2023-12-14T13:30:07","slug":"plantean-en-el-congreso-reconocer-la-figura-de-la-persona-cronista-del-estado","status":"publish","type":"post","link":"https:\/\/zonaroja.com.mx\/?p=63194","title":{"rendered":"Plantean en el Congreso reconocer la figura de la persona Cronista del Estado"},"content":{"rendered":"\n<p>Redacci\u00f3n\/Zona Roja.<\/p>\n\n\n\n<p>Oaxaca de Ju\u00e1rez, Oax., a 14 de diciembre de 2023.- La diputada local Mariana Ben\u00edtez Tiburcio propuso reformar la Ley de Desarrollo Cultural del Estado de Oaxaca y la Ley de Archivos, para crear la figura de la persona Cronista del Estado, y brindar las herramientas necesarias para desarrollar la cr\u00f3nica estatal desde una perspectiva de g\u00e9nero y de interseccionalidad e interculturalidad.&nbsp;<\/p>\n\n\n\n<p>La legisladora oaxaque\u00f1a explic\u00f3 que su propuesta prev\u00e9 en la Ley de Archivos y la Ley de Desarrollo Cultural, la figura de la persona Cronista para especificar cuales son los requisitos para su nombramiento, y establecer adem\u00e1s que deben de contar con un apoyo econ\u00f3mico y reconocer su trabajo que hacen desde las leyes. &nbsp;<\/p>\n\n\n\n<p>\u201cEsta iniciativa tambi\u00e9n contempla que su trabajo sea guiado por dos grandes directrices como son la perspectiva de g\u00e9nero, para darle un sentido claro a su trabajo donde se reconozca la labor de las mujeres hacedoras del pasado, presente y futuro del Estado, as\u00ed como tambi\u00e9n la perspectiva de interculturalidad donde reconozcamos el trabajo de nuestros pueblos, comunidades ind\u00edgenas y los pueblos afromexicanos\u201d, subray\u00f3. &nbsp;&nbsp;<\/p>\n\n\n\n<p>En ese sentido, la diputada local sostuvo que la labor de la figura de la persona Cronista est\u00e1 ligada estrechamente a la promoci\u00f3n de la identidad estatal como tambi\u00e9n culturales y su trabajo es fundamental para fortalecer el sentido de pertenencia y el orgullo de ser oaxaque\u00f1os y oaxaque\u00f1as.\u00a0<\/p>\n\n\n\n<figure class=\"wp-block-image size-full\"><a href=\"http:\/\/www.zonaroja.com.mx\/wp-content\/uploads\/2023\/12\/Mariana-Benitez-2.jpg\" data-rel=\"penci-gallery-image-content\" ><img decoding=\"async\" width=\"1024\" height=\"682\" src=\"http:\/\/www.zonaroja.com.mx\/wp-content\/uploads\/2023\/12\/Mariana-Benitez-2.jpg\" alt=\"\" class=\"wp-image-63195\" srcset=\"https:\/\/zonaroja.com.mx\/wp-content\/uploads\/2023\/12\/Mariana-Benitez-2.jpg 1024w, https:\/\/zonaroja.com.mx\/wp-content\/uploads\/2023\/12\/Mariana-Benitez-2-300x200.jpg 300w, https:\/\/zonaroja.com.mx\/wp-content\/uploads\/2023\/12\/Mariana-Benitez-2-768x512.jpg 768w, https:\/\/zonaroja.com.mx\/wp-content\/uploads\/2023\/12\/Mariana-Benitez-2-585x390.jpg 585w, https:\/\/zonaroja.com.mx\/wp-content\/uploads\/2023\/12\/Mariana-Benitez-2-263x175.jpg 263w\" sizes=\"(max-width: 1024px) 100vw, 1024px\" \/><\/a><\/figure>\n\n\n\n<p>\u201cTenemos que reconocer a las personas cronistas que con su actividad rescatan, preservan y difunden la memoria colectiva de nuestro Estado, de sus regiones y sus municipios y el sentido de pertenencia a la tierra que nos vio nacer, un sentido de pertenencia sustentado en el conocimiento pleno de los elementos de nuestra identidad\u201d, expuso.&nbsp;<\/p>\n\n\n\n<p>En este contexto, la diputada local Mariana Ben\u00edtez sostuvo que es fundamental reconocer el papel de las mujeres en el desarrollo de nuestra sociedad, porque adem\u00e1s de aportar para sostener los hogares oaxaque\u00f1os como madres y cuidadoras, tambi\u00e9n realizan una importante labor en el desarrollo pol\u00edtico, social y econ\u00f3mico, en consecuencia, invisibilizar nuestra participaci\u00f3n en la historia constituye una pr\u00e1ctica discriminatoria.&nbsp;<\/p>\n\n\n\n<p>\u201cPor eso importante prever en las leyes su actividad, lo que hoy por hoy no est\u00e1 previsto ni regulado no hay un reconocimiento legal a la figura de la persona Cronista\u201d, a\u00f1adi\u00f3.&nbsp;<\/p>\n\n\n\n<p>Finalmente, la congresista local dijo que como Congreso oaxaque\u00f1o es necesario \u201cfortalecer jur\u00eddicamente el trabajo de la cr\u00f3nica estatal, figura que se convertir\u00e1 en una de las principales promotoras de nuestra identidad oaxaque\u00f1a\u201d.&nbsp;<\/p>\n\n\n\n<p>Cabe destacar que, durante la presentaci\u00f3n de esta iniciativa la diputada Mariana Ben\u00edtez Tiburcio estuvo acompa\u00f1ada por la legisladora local y vocera del Grupo Parlamentario de Morena, Tania Caballero Navarro, as\u00ed como por integrantes de la Asociaci\u00f3n Estatal de Cronistas del Estado, entre los que se destaca el Cronista de la Ciudad de Oaxaca de Ju\u00e1rez, Jorge Bueno S\u00e1nchez, las y los cronistas de Salina Cruz, Ciudad Ixtepec, Santa Cruz Xoxocotl\u00e1n, Tlacolula de Matamoros, San Pablo Etla, Teotitl\u00e1n del Valle, Huajuapan de Le\u00f3n y Santo Domingo Zanatepec.<\/p>\n","protected":false},"excerpt":{"rendered":"<p>Redacci\u00f3n\/Zona Roja. Oaxaca de Ju\u00e1rez, Oax., a 14 de diciembre de 2023.- La diputada local&hellip;<\/p>\n","protected":false},"author":2,"featured_media":63196,"comment_status":"closed","ping_status":"open","sticky":false,"template":"","format":"standard","meta":{"_lmt_disableupdate":"","_lmt_disable":"","_jetpack_memberships_contains_paid_content":false,"footnotes":""},"categories":[109,46],"tags":[2969],"class_list":["post-63194","post","type-post","status-publish","format-standard","has-post-thumbnail","hentry","category-minuto-a-minuto","category-zona-blanca","tag-mariana-benitez-tiburcio"],"jetpack_featured_media_url":"https:\/\/zonaroja.com.mx\/wp-content\/uploads\/2023\/12\/Mariana-Benitez-1.jpg","jetpack_sharing_enabled":true,"_links":{"self":[{"href":"https:\/\/zonaroja.com.mx\/index.php?rest_route=\/wp\/v2\/posts\/63194","targetHints":{"allow":["GET"]}}],"collection":[{"href":"https:\/\/zonaroja.com.mx\/index.php?rest_route=\/wp\/v2\/posts"}],"about":[{"href":"https:\/\/zonaroja.com.mx\/index.php?rest_route=\/wp\/v2\/types\/post"}],"author":[{"embeddable":true,"href":"https:\/\/zonaroja.com.mx\/index.php?rest_route=\/wp\/v2\/users\/2"}],"replies":[{"embeddable":true,"href":"https:\/\/zonaroja.com.mx\/index.php?rest_route=%2Fwp%2Fv2%2Fcomments&post=63194"}],"version-history":[{"count":1,"href":"https:\/\/zonaroja.com.mx\/index.php?rest_route=\/wp\/v2\/posts\/63194\/revisions"}],"predecessor-version":[{"id":63197,"href":"https:\/\/zonaroja.com.mx\/index.php?rest_route=\/wp\/v2\/posts\/63194\/revisions\/63197"}],"wp:featuredmedia":[{"embeddable":true,"href":"https:\/\/zonaroja.com.mx\/index.php?rest_route=\/wp\/v2\/media\/63196"}],"wp:attachment":[{"href":"https:\/\/zonaroja.com.mx\/index.php?rest_route=%2Fwp%2Fv2%2Fmedia&parent=63194"}],"wp:term":[{"taxonomy":"category","embeddable":true,"href":"https:\/\/zonaroja.com.mx\/index.php?rest_route=%2Fwp%2Fv2%2Fcategories&post=63194"},{"taxonomy":"post_tag","embeddable":true,"href":"https:\/\/zonaroja.com.mx\/index.php?rest_route=%2Fwp%2Fv2%2Ftags&post=63194"}],"curies":[{"name":"wp","href":"https:\/\/api.w.org\/{rel}","templated":true}]}}