{"id":63198,"date":"2023-12-14T11:30:00","date_gmt":"2023-12-14T17:30:00","guid":{"rendered":"http:\/\/www.zonaroja.com.mx\/?p=63198"},"modified":"2023-12-14T07:32:12","modified_gmt":"2023-12-14T13:32:12","slug":"la-mayor-parte-del-presupuesto-de-la-semar-sera-para-el-corredor-interoceanico","status":"publish","type":"post","link":"https:\/\/zonaroja.com.mx\/?p=63198","title":{"rendered":"La mayor parte del presupuesto de la Semar ser\u00e1 para el Corredor Interoce\u00e1nico"},"content":{"rendered":"\n<p>Redacci\u00f3n\/Zona Roja Cdmx.<\/p>\n\n\n\n<p>Ciudad de M\u00e9xico, a 14 de diciembre de 2023.- La Secretar\u00eda de Marina (Semar) destinar\u00e1 la mayor parte de su presupuesto del a\u00f1o pr\u00f3ximo, un total de 71 mil 888 millones 212 mil 535 pesos, para cumplir con sus labores operativas y los proyectos de infraestructura prioritarios, como son el Corredor Interoce\u00e1nico y el Ferrocarril de Istmo de Tehuantepec.<\/p>\n\n\n\n<p>Seg\u00fan el calendario de presupuesto autorizado para el ejercicio fiscal 2024, la partida que m\u00e1s recursos recibir\u00e1 ser\u00e1 la destina al Corredor Interoce\u00e1nico del Istmo de Tehuantepec, con 17 mil 133 millones 942 mil 845 pesos.<\/p>\n\n\n\n<p>Se trata del proyecto m\u00e1s ambicioso en manos de la Armada, que busca competir con el Canal de Panam\u00e1 en la conexi\u00f3n del comercio mundial de mercanc\u00edas entre los oc\u00e9anos Pac\u00edfico y Atl\u00e1ntico, mediante la habilitaci\u00f3n de los puertos de Coatzacoalcos, Veracruz, y Salina Cruz, Oaxaca, que ser\u00e1n comunicados por una v\u00eda f\u00e9rrea, en cuyo recorrido por el Istmo de Tehuantepec se crear\u00e1n varios polos de desarrollo industrial y comercial.<\/p>\n\n\n\n<p>Otro proyecto estrat\u00e9gico, el Ferrocarril del Istmo de Tehuantepec, recibir\u00e1 del presupuesto de Semar 3 mil 925 millones 404 mil 747 pesos.<\/p>\n\n\n\n<p>Se trata de la empresa paraestatal que administra el ferrocarril que conecta los puertos de altura del Corredor Interoce\u00e1nico, pero tambi\u00e9n otras l\u00edneas que conectan hacia Chiapas, Oaxaca y pr\u00f3ximamente tambi\u00e9n Guatemala.<\/p>\n\n\n\n<p>Para las labores operativas de la Semar, se destinar\u00e1n 13 mil 201 millones 630 mil 552 pesos a Fuerzas, Regiones, Zonas y Sectores Navales.<\/p>\n\n\n\n<p>Le sigue en el reparto presupuestal la Unidad de Polic\u00eda Naval, que est\u00e1 colaborando en la capacitaci\u00f3n y formaci\u00f3n de la Guardia Nacional, y que recibir\u00e1 el a\u00f1o pr\u00f3ximo un total de 8 mil 934 millones 898 mil 242 pesos.<\/p>\n\n\n\n<p>La Unidad de Inteligencia Naval tendr\u00e1 un presupuesto de 652 millones 376 mil 425 pesos y la de Operaciones Especiales de la Armada de M\u00e9xico 637 millones 216 mil 38 pesos.<\/p>\n\n\n\n<p>Esta \u00faltima unidad ha sido la responsable de capturas estrat\u00e9gicas, como la de Rafael Caro Quintero, en cuya operaci\u00f3n murieron 14 marinos debido a la falla de uno de sus helic\u00f3pteros.<\/p>\n\n\n\n<p>(Informaci\u00f3n de \u201cLa Jornada\u201d)<\/p>\n","protected":false},"excerpt":{"rendered":"<p>Redacci\u00f3n\/Zona Roja Cdmx. Ciudad de M\u00e9xico, a 14 de diciembre de 2023.- La Secretar\u00eda de&hellip;<\/p>\n","protected":false},"author":2,"featured_media":63199,"comment_status":"closed","ping_status":"open","sticky":false,"template":"","format":"standard","meta":{"_lmt_disableupdate":"","_lmt_disable":"","_jetpack_memberships_contains_paid_content":false,"footnotes":""},"categories":[109,46],"tags":[2917],"class_list":["post-63198","post","type-post","status-publish","format-standard","has-post-thumbnail","hentry","category-minuto-a-minuto","category-zona-blanca","tag-corredor-interoceanico-oaxaca"],"jetpack_featured_media_url":"https:\/\/zonaroja.com.mx\/wp-content\/uploads\/2023\/12\/Corredor-Interoceanico.webp","jetpack_sharing_enabled":true,"_links":{"self":[{"href":"https:\/\/zonaroja.com.mx\/index.php?rest_route=\/wp\/v2\/posts\/63198","targetHints":{"allow":["GET"]}}],"collection":[{"href":"https:\/\/zonaroja.com.mx\/index.php?rest_route=\/wp\/v2\/posts"}],"about":[{"href":"https:\/\/zonaroja.com.mx\/index.php?rest_route=\/wp\/v2\/types\/post"}],"author":[{"embeddable":true,"href":"https:\/\/zonaroja.com.mx\/index.php?rest_route=\/wp\/v2\/users\/2"}],"replies":[{"embeddable":true,"href":"https:\/\/zonaroja.com.mx\/index.php?rest_route=%2Fwp%2Fv2%2Fcomments&post=63198"}],"version-history":[{"count":1,"href":"https:\/\/zonaroja.com.mx\/index.php?rest_route=\/wp\/v2\/posts\/63198\/revisions"}],"predecessor-version":[{"id":63200,"href":"https:\/\/zonaroja.com.mx\/index.php?rest_route=\/wp\/v2\/posts\/63198\/revisions\/63200"}],"wp:featuredmedia":[{"embeddable":true,"href":"https:\/\/zonaroja.com.mx\/index.php?rest_route=\/wp\/v2\/media\/63199"}],"wp:attachment":[{"href":"https:\/\/zonaroja.com.mx\/index.php?rest_route=%2Fwp%2Fv2%2Fmedia&parent=63198"}],"wp:term":[{"taxonomy":"category","embeddable":true,"href":"https:\/\/zonaroja.com.mx\/index.php?rest_route=%2Fwp%2Fv2%2Fcategories&post=63198"},{"taxonomy":"post_tag","embeddable":true,"href":"https:\/\/zonaroja.com.mx\/index.php?rest_route=%2Fwp%2Fv2%2Ftags&post=63198"}],"curies":[{"name":"wp","href":"https:\/\/api.w.org\/{rel}","templated":true}]}}