{"id":63201,"date":"2023-12-14T13:30:00","date_gmt":"2023-12-14T19:30:00","guid":{"rendered":"http:\/\/www.zonaroja.com.mx\/?p=63201"},"modified":"2023-12-14T07:40:53","modified_gmt":"2023-12-14T13:40:53","slug":"sin-apoyo-ganan-estudiantes-oaxaquenos-campeonato-nacional-de-matematicas","status":"publish","type":"post","link":"https:\/\/zonaroja.com.mx\/?p=63201","title":{"rendered":"Sin apoyo, ganan estudiantes oaxaque\u00f1os Campeonato Nacional de Matem\u00e1ticas"},"content":{"rendered":"\n<p>Yuridiana Sosa\/Zona Roja.<\/p>\n\n\n\n<p>Oaxaca de Ju\u00e1rez, Oax., a 14 de diciembre de 2023.- Con medallas de plata y bronce, regresaron estudiantes oaxaque\u00f1os de nivel bachillerato y secundaria que participaron en el Tercer Campeonato Nacional de Matem\u00e1ticas \u201cFusi\u00f3n COM 2023\u201d, realizado en fin de semana en la Ciudad de M\u00e9xico.<\/p>\n\n\n\n<p>Luego de una intensa competencia ante cientos de estudiantes de todo el pa\u00eds, que comenz\u00f3 desde el 7 de diciembre, Jairo Hern\u00e1ndez Acevedo, estudiante del Cobao del Plantel 04 \u201cEl Tule\u201d, y Miguel \u00c1ngel D\u00edaz Mart\u00ednez de la secundaria Cecabem lograron llegar a la final.<\/p>\n\n\n\n<p>Jairo Hern\u00e1ndez obtuvo dos medallas, una de plata en la modalidad de uno contra uno, en el tercer nivel de bachillerato, y medalla de bronce en la categor\u00eda de campeones fusi\u00f3n.<\/p>\n\n\n\n<p>Por su parte, el joven estudiante Miguel \u00c1ngel D\u00edaz, del Cecabem gan\u00f3 medalla de plata.<\/p>\n\n\n\n<p>Junto con los campeones, la&nbsp; delegaci\u00f3n de Oaxaca estuvo compuesta por otros 14 ni\u00f1os y adolescentes del sexto de primaria a tercer a\u00f1o de bachillerato, de escuelas p\u00fablicas y privadas; quienes fueron asesorados por un grupo de profesionistas encabezados por Ernesto \u00c1lvarez.<\/p>\n\n\n\n<p>Sin embargo, pese al gran potencial de los estudiantes y de la importancia de esta competencia respaldada por la Secretar\u00eda de Educaci\u00f3n P\u00fablica (SEP), los estudiantes y padres de familia no consiguieron el apoyo econ\u00f3mico de instituciones de gobierno.<\/p>\n\n\n\n<p>Fue por recursos propios, y de algunas empresas privadas y personas de la vida p\u00fablica de Oaxaca, como el doctor Mart\u00edn V\u00e1zquez, que lograron asistir al campeonato.<\/p>\n\n\n\n<p>El Campeonato Nacional de Matem\u00e1ticas \u201cFusi\u00f3n COM23\u201d, tiene como misi\u00f3n inculcar en los ni\u00f1os y j\u00f3venes el estudio de las matem\u00e1ticas en forma creativa, desarrollando la l\u00f3gica, el razonamiento y la imaginaci\u00f3n. Con la visi\u00f3n, entre otras cosas, de lograr que M\u00e9xico tenga m\u00e1s egresados de Ciencias Exactas y estar a la vanguardia a nivel global.<\/p>\n","protected":false},"excerpt":{"rendered":"<p>Yuridiana Sosa\/Zona Roja. Oaxaca de Ju\u00e1rez, Oax., a 14 de diciembre de 2023.- Con medallas&hellip;<\/p>\n","protected":false},"author":2,"featured_media":63202,"comment_status":"closed","ping_status":"open","sticky":false,"template":"","format":"standard","meta":{"_lmt_disableupdate":"","_lmt_disable":"","_jetpack_memberships_contains_paid_content":false,"footnotes":""},"categories":[109,46],"tags":[],"class_list":["post-63201","post","type-post","status-publish","format-standard","has-post-thumbnail","hentry","category-minuto-a-minuto","category-zona-blanca"],"jetpack_featured_media_url":"https:\/\/zonaroja.com.mx\/wp-content\/uploads\/2023\/12\/Estudiantes-Matematicas-Oaxaca-ganadores.jpg","jetpack_sharing_enabled":true,"_links":{"self":[{"href":"https:\/\/zonaroja.com.mx\/index.php?rest_route=\/wp\/v2\/posts\/63201","targetHints":{"allow":["GET"]}}],"collection":[{"href":"https:\/\/zonaroja.com.mx\/index.php?rest_route=\/wp\/v2\/posts"}],"about":[{"href":"https:\/\/zonaroja.com.mx\/index.php?rest_route=\/wp\/v2\/types\/post"}],"author":[{"embeddable":true,"href":"https:\/\/zonaroja.com.mx\/index.php?rest_route=\/wp\/v2\/users\/2"}],"replies":[{"embeddable":true,"href":"https:\/\/zonaroja.com.mx\/index.php?rest_route=%2Fwp%2Fv2%2Fcomments&post=63201"}],"version-history":[{"count":1,"href":"https:\/\/zonaroja.com.mx\/index.php?rest_route=\/wp\/v2\/posts\/63201\/revisions"}],"predecessor-version":[{"id":63203,"href":"https:\/\/zonaroja.com.mx\/index.php?rest_route=\/wp\/v2\/posts\/63201\/revisions\/63203"}],"wp:featuredmedia":[{"embeddable":true,"href":"https:\/\/zonaroja.com.mx\/index.php?rest_route=\/wp\/v2\/media\/63202"}],"wp:attachment":[{"href":"https:\/\/zonaroja.com.mx\/index.php?rest_route=%2Fwp%2Fv2%2Fmedia&parent=63201"}],"wp:term":[{"taxonomy":"category","embeddable":true,"href":"https:\/\/zonaroja.com.mx\/index.php?rest_route=%2Fwp%2Fv2%2Fcategories&post=63201"},{"taxonomy":"post_tag","embeddable":true,"href":"https:\/\/zonaroja.com.mx\/index.php?rest_route=%2Fwp%2Fv2%2Ftags&post=63201"}],"curies":[{"name":"wp","href":"https:\/\/api.w.org\/{rel}","templated":true}]}}