{"id":63204,"date":"2023-12-14T14:30:00","date_gmt":"2023-12-14T20:30:00","guid":{"rendered":"http:\/\/www.zonaroja.com.mx\/?p=63204"},"modified":"2023-12-14T07:44:19","modified_gmt":"2023-12-14T13:44:19","slug":"disminuye-numero-de-periodistas-asesinados-en-2023-rsf","status":"publish","type":"post","link":"https:\/\/zonaroja.com.mx\/?p=63204","title":{"rendered":"Disminuye n\u00famero de periodistas asesinados en 2023: RSF"},"content":{"rendered":"\n<p>Redacci\u00f3n\/Zona Roja Cdmx.<\/p>\n\n\n\n<p>Ciudad de M\u00e9xico, a 14 de diciembre de 2023.- En 2023 murieron 45 periodistas en el mundo en el ejercicio de su profesi\u00f3n, la cifra m\u00e1s baja desde 2002, debido en gran parte a la reducci\u00f3n de asesinatos en Am\u00e9rica Latina, pese a que el conflicto entre Israel y Ham\u00e1s ha sido especialmente mort\u00edfero, seg\u00fan RSF.<\/p>\n\n\n\n<p>De acuerdo con las cifras recopiladas por la organizaci\u00f3n Reporteros Sin Fronteras (RSF) hasta el 1 de diciembre, \u00abun total de 45 periodistas fueron asesinados en el ejercicio de su profesi\u00f3n, 16 menos que el a\u00f1o pasado\u00bb.<\/p>\n\n\n\n<p>Esta es la cifra m\u00e1s baja desde 2002 cuando murieron 33 reporteros, un tercio de ellos mientras trabajaban en el conflicto en Oriente Medio.<\/p>\n\n\n\n<p>Las cifras de 2023 destacan la \u00abdisminuci\u00f3n significativa\u00bb del n\u00famero de muertos en Am\u00e9rica Latina, con seis periodistas asesinados frente a 26 en 2022, indic\u00f3 la organizaci\u00f3n.<\/p>\n\n\n\n<p>M\u00e9xico, el lugar m\u00e1s mort\u00edfero para la profesi\u00f3n despu\u00e9s de la Franja de Gaza, registr\u00f3 cuatro periodistas muertos en 2023, frente a 11 el a\u00f1o anterior, aunque este descenso no refleja una mayor seguridad para la prensa, se\u00f1al\u00f3 RSF.<\/p>\n\n\n\n<p>\u00abAunque el n\u00famero de periodistas asesinados en Am\u00e9rica Latina ha ca\u00eddo significativamente (&#8230;) los profesionales de la informaci\u00f3n siguen sin trabajar con seguridad, como demuestran los recientes secuestros y ataques armados acontecidos en M\u00e9xico\u00bb, destac\u00f3 la organizaci\u00f3n.<\/p>\n\n\n\n<p>Agreg\u00f3 que \u00abel r\u00e9cord de incidentes violentos registrados en 2022 en Latinoam\u00e9rica incita a los periodistas a autocensurarse, lo que se traduce en la proliferaci\u00f3n de agujeros negros informativos en la regi\u00f3n, donde el crimen organizado y la corrupci\u00f3n encabezan la lista de temas por los que los periodistas se juegan la vida\u00bb.<\/p>\n\n\n\n<p>Adem\u00e1s, la ONG apunt\u00f3 que de un total de 84 periodistas reportados como desaparecidos en el mundo, casi uno de cada tres es mexicano.<\/p>\n\n\n\n<p>En total, Am\u00e9rica Latina concentra m\u00e1s de la mitad de los periodistas desaparecidos en el mundo, con 43.<\/p>\n\n\n\n<p>(Informaci\u00f3n de AFP en \u201cMilenio\u201d)<\/p>\n","protected":false},"excerpt":{"rendered":"<p>Redacci\u00f3n\/Zona Roja Cdmx. Ciudad de M\u00e9xico, a 14 de diciembre de 2023.- En 2023 murieron&hellip;<\/p>\n","protected":false},"author":2,"featured_media":36839,"comment_status":"closed","ping_status":"open","sticky":false,"template":"","format":"standard","meta":{"_lmt_disableupdate":"","_lmt_disable":"","_jetpack_memberships_contains_paid_content":false,"footnotes":""},"categories":[109,47],"tags":[],"class_list":["post-63204","post","type-post","status-publish","format-standard","has-post-thumbnail","hentry","category-minuto-a-minuto","category-zona-gris"],"jetpack_featured_media_url":"https:\/\/zonaroja.com.mx\/wp-content\/uploads\/2022\/01\/Prensa-periodismo-periodistas-violencia.jpg","jetpack_sharing_enabled":true,"_links":{"self":[{"href":"https:\/\/zonaroja.com.mx\/index.php?rest_route=\/wp\/v2\/posts\/63204","targetHints":{"allow":["GET"]}}],"collection":[{"href":"https:\/\/zonaroja.com.mx\/index.php?rest_route=\/wp\/v2\/posts"}],"about":[{"href":"https:\/\/zonaroja.com.mx\/index.php?rest_route=\/wp\/v2\/types\/post"}],"author":[{"embeddable":true,"href":"https:\/\/zonaroja.com.mx\/index.php?rest_route=\/wp\/v2\/users\/2"}],"replies":[{"embeddable":true,"href":"https:\/\/zonaroja.com.mx\/index.php?rest_route=%2Fwp%2Fv2%2Fcomments&post=63204"}],"version-history":[{"count":1,"href":"https:\/\/zonaroja.com.mx\/index.php?rest_route=\/wp\/v2\/posts\/63204\/revisions"}],"predecessor-version":[{"id":63205,"href":"https:\/\/zonaroja.com.mx\/index.php?rest_route=\/wp\/v2\/posts\/63204\/revisions\/63205"}],"wp:featuredmedia":[{"embeddable":true,"href":"https:\/\/zonaroja.com.mx\/index.php?rest_route=\/wp\/v2\/media\/36839"}],"wp:attachment":[{"href":"https:\/\/zonaroja.com.mx\/index.php?rest_route=%2Fwp%2Fv2%2Fmedia&parent=63204"}],"wp:term":[{"taxonomy":"category","embeddable":true,"href":"https:\/\/zonaroja.com.mx\/index.php?rest_route=%2Fwp%2Fv2%2Fcategories&post=63204"},{"taxonomy":"post_tag","embeddable":true,"href":"https:\/\/zonaroja.com.mx\/index.php?rest_route=%2Fwp%2Fv2%2Ftags&post=63204"}],"curies":[{"name":"wp","href":"https:\/\/api.w.org\/{rel}","templated":true}]}}