{"id":63208,"date":"2023-12-14T21:09:57","date_gmt":"2023-12-15T03:09:57","guid":{"rendered":"http:\/\/www.zonaroja.com.mx\/?p=63208"},"modified":"2023-12-14T21:10:48","modified_gmt":"2023-12-15T03:10:48","slug":"jueves-de-protestas-en-oaxaca-hoy-fueron-cinco","status":"publish","type":"post","link":"https:\/\/zonaroja.com.mx\/?p=63208","title":{"rendered":"Jueves de protestas en Oaxaca; hoy fueron seis"},"content":{"rendered":"\n<p>Yuridiana Sosa\/Zona Roja.<\/p>\n\n\n\n<p>Oaxaca de Ju\u00e1rez, Oax., a 14 de diciembre de 2023.- Antes que las autoridades entren en periodo de asueto por temporada decembrina, este jueves se registr\u00f3 una serie de protestas en la ciudad de Oaxaca para &nbsp;exigir al gobierno estatal y federal atenci\u00f3n.<\/p>\n\n\n\n<p>Representantes de textileros oaxaque\u00f1os, creadores de uniformes escolares, se manifestaron para exigir al gobierno de Salom\u00f3n Jara una explicaci\u00f3n sobre el programa de dotaci\u00f3n de uniformes, del que hasta ahora siguen excluidos.<\/p>\n\n\n\n<p>El secretario de Textileros Unidos por Oaxaca, Neftal\u00ed Diego Garc\u00eda Aguilar, se\u00f1al\u00f3 que el gobierno estatal dej\u00f3 sin trabajo a cientos de familias que depend\u00edan de los ingresos de dicho programa, para el cual se etiquetaron 150 millones de pesos.<\/p>\n\n\n\n<p>Los maquiladores demandan que este programa se aplique nuevamente por medio del trabajo de decenas de empresas oaxaque\u00f1as.<\/p>\n\n\n\n<p>TAMBI\u00c9N TEQUIXTEPEC<\/p>\n\n\n\n<p>Por otra parte, tambi\u00e9n frente al recinto del Poder Ejecutivo, autoridades agrarias de San Miguel Tequixtepec, de la regi\u00f3n de la Mixteca de Oaxaca, se manifestaron para exigir intervenci\u00f3n del gobierno estatal para frenar la contaminaci\u00f3n que genera una granja porc\u00edcola.<\/p>\n\n\n\n<p>Las autoridades se\u00f1alaron que desde el 2008 que se instal\u00f3 la granja en su comunidad, -originaria de Puebla- con una producci\u00f3n de 30 mil cerdos cada tres meses, comenzaron los da\u00f1os ambientales, generando la contaminaci\u00f3n del r\u00edo y con esto la muerte de fauna en el afluente y de ganado que beb\u00eda de esa agua.<\/p>\n\n\n\n<p>Tras 15 a\u00f1os, los da\u00f1os son innumerables, sin que hasta la fecha ninguna autoridad atienda el caso, por lo que demandan al gobierno de Salom\u00f3n Jara una soluci\u00f3n.<\/p>\n\n\n\n<p>M\u00c1S CASOS<\/p>\n\n\n\n<p>Otras protestas en esa misma sede fueron por parte de un grupo de ind\u00edgenas triquis que exigieron espacios para venta de art\u00edculos y retorno a San Juan Copala.<\/p>\n\n\n\n<p>Su presencia atrajo a un par de Polic\u00edas Estatales, que luego de un par de minutos se retiraron del lugar sin que se registraran incidentes.<\/p>\n\n\n\n<p>Mientras que tambi\u00e9n lleg\u00f3 un grupo de la organizaci\u00f3n Consejo Ind\u00edgena Popular de Oaxaca (CIPO), que esperaban ser recibidos para una mesa de di\u00e1logo.<\/p>\n\n\n\n<p>En&nbsp; tanto que al norte de la ciudad, en la colonia Reforma, sindicalizados del ISSSTE en Oaxaca protestaron frente a las oficinas del instituto ubicadas en la calle Amapolas para demandar soluci\u00f3n a los que consideran tres despidos injustificados.<\/p>\n\n\n\n<p>Uno de los afectados, con 29 a\u00f1os de servicio, V\u00edctor Manuel Arrieta L\u00f3pez , apunt\u00f3 que solicitan a la directora Jur\u00eddica -quien lleg\u00f3 este jueves a Oaxaca- que a trav\u00e9s del di\u00e1logo haya acuerdos favorables para los trabajadores.<\/p>\n\n\n\n<p>Pues refieren que la titular de asuntos jur\u00eddicos del ISSSTE, en Oaxaca, Elvia Montesinos actu\u00f3 de forma injustificada y por motivos personales.<\/p>\n\n\n\n<p>Mientras que padres familia y docentes de la escuela secundaria \u201cMacedonio Alcal\u00e1\u201d, de Cuil\u00e1pam de Guerrero, bloquearon la carretera que une a ese municipio con Santa Cruz Xoxocotl\u00e1n.<\/p>\n\n\n\n<p>Lo atrito para exigir al edil Javier Moreno mayor seguridad en la zona, pues recientemente fue saqueado el plantel, sin que haya ninguna persona detenida.<\/p>\n","protected":false},"excerpt":{"rendered":"<p>Yuridiana Sosa\/Zona Roja. Oaxaca de Ju\u00e1rez, Oax., a 14 de diciembre de 2023.- Antes que&hellip;<\/p>\n","protected":false},"author":2,"featured_media":63209,"comment_status":"closed","ping_status":"open","sticky":false,"template":"","format":"standard","meta":{"_lmt_disableupdate":"","_lmt_disable":"","_jetpack_memberships_contains_paid_content":false,"footnotes":""},"categories":[109,47],"tags":[2264],"class_list":["post-63208","post","type-post","status-publish","format-standard","has-post-thumbnail","hentry","category-minuto-a-minuto","category-zona-gris","tag-bloqueos-y-protestas-oaxaca"],"jetpack_featured_media_url":"https:\/\/zonaroja.com.mx\/wp-content\/uploads\/2023\/12\/Protesta-triquis-Palacio.jpg","jetpack_sharing_enabled":true,"_links":{"self":[{"href":"https:\/\/zonaroja.com.mx\/index.php?rest_route=\/wp\/v2\/posts\/63208","targetHints":{"allow":["GET"]}}],"collection":[{"href":"https:\/\/zonaroja.com.mx\/index.php?rest_route=\/wp\/v2\/posts"}],"about":[{"href":"https:\/\/zonaroja.com.mx\/index.php?rest_route=\/wp\/v2\/types\/post"}],"author":[{"embeddable":true,"href":"https:\/\/zonaroja.com.mx\/index.php?rest_route=\/wp\/v2\/users\/2"}],"replies":[{"embeddable":true,"href":"https:\/\/zonaroja.com.mx\/index.php?rest_route=%2Fwp%2Fv2%2Fcomments&post=63208"}],"version-history":[{"count":2,"href":"https:\/\/zonaroja.com.mx\/index.php?rest_route=\/wp\/v2\/posts\/63208\/revisions"}],"predecessor-version":[{"id":63211,"href":"https:\/\/zonaroja.com.mx\/index.php?rest_route=\/wp\/v2\/posts\/63208\/revisions\/63211"}],"wp:featuredmedia":[{"embeddable":true,"href":"https:\/\/zonaroja.com.mx\/index.php?rest_route=\/wp\/v2\/media\/63209"}],"wp:attachment":[{"href":"https:\/\/zonaroja.com.mx\/index.php?rest_route=%2Fwp%2Fv2%2Fmedia&parent=63208"}],"wp:term":[{"taxonomy":"category","embeddable":true,"href":"https:\/\/zonaroja.com.mx\/index.php?rest_route=%2Fwp%2Fv2%2Fcategories&post=63208"},{"taxonomy":"post_tag","embeddable":true,"href":"https:\/\/zonaroja.com.mx\/index.php?rest_route=%2Fwp%2Fv2%2Ftags&post=63208"}],"curies":[{"name":"wp","href":"https:\/\/api.w.org\/{rel}","templated":true}]}}