{"id":63212,"date":"2023-12-14T21:51:49","date_gmt":"2023-12-15T03:51:49","guid":{"rendered":"http:\/\/www.zonaroja.com.mx\/?p=63212"},"modified":"2023-12-14T21:58:08","modified_gmt":"2023-12-15T03:58:08","slug":"otra-vez-juchitan-asesinan-a-dos-persona-en-ese-municipio-istmeno","status":"publish","type":"post","link":"https:\/\/zonaroja.com.mx\/?p=63212","title":{"rendered":"\u00a1Otra vez Juchit\u00e1n! Asesinan a dos persona en ese municipio istme\u00f1o"},"content":{"rendered":"\n<p>Raymundo Morales\/Zona Roja.<\/p>\n\n\n\n<p>Oaxaca de Ju\u00e1rez, Oax., a 14 de diciembre de 2023.- Dos personas del sexo masculino fueron asesinadas a balazos la tarde de este jueves en Juchit\u00e1n de Zaragoza, municipio de la regi\u00f3n del Istmo.<\/p>\n\n\n\n<p>El ataque armado ocurri\u00f3 en un domicilio de la colonia La Planta, donde presuntos sicarios dispararon en contra de dos personas, una de las cuales perdi\u00f3 la vida en el lugar y otra en un hospital.<\/p>\n\n\n\n<p>Hasta el momento no se ha revelado la identidad de las v\u00edctimas y el m\u00f3vil del doble homicidio; tampoco hay personas detenidas, pese a que la agresi\u00f3n fue a plena luz del d\u00eda.<\/p>\n\n\n\n<p>Personal de la Vicefiscal\u00eda Regional del Istmo inici\u00f3 las indagatorias correspondientes.<\/p>\n\n\n\n<p>Por otra parte, derivado presuntamente de una ri\u00f1a, una persona perdi\u00f3 la vida por disparos de arma de fuego, en San Sebasti\u00e1n Ixcapa, municipio de la regi\u00f3n Costa del estado.<\/p>\n\n\n\n<p>No hay mayor precisi\u00f3n de los hechos, pues cuando los polic\u00edas municipales arribaron al sitio, s\u00f3lo encontraron a la persona del sexo masculino sin vida, por lo cual dieron parte a la Vicefiscal\u00eda Regional de la Costa.<\/p>\n","protected":false},"excerpt":{"rendered":"<p>Raymundo Morales\/Zona Roja. Oaxaca de Ju\u00e1rez, Oax., a 14 de diciembre de 2023.- Dos personas&hellip;<\/p>\n","protected":false},"author":2,"featured_media":29993,"comment_status":"closed","ping_status":"open","sticky":false,"template":"","format":"standard","meta":{"_lmt_disableupdate":"","_lmt_disable":"","_jetpack_memberships_contains_paid_content":false,"footnotes":""},"categories":[109,51],"tags":[123],"class_list":["post-63212","post","type-post","status-publish","format-standard","has-post-thumbnail","hentry","category-minuto-a-minuto","category-zona-roja","tag-juchitan-de-zaragoza"],"jetpack_featured_media_url":"https:\/\/zonaroja.com.mx\/wp-content\/uploads\/2021\/07\/Escena-balazos.jpg","jetpack_sharing_enabled":true,"_links":{"self":[{"href":"https:\/\/zonaroja.com.mx\/index.php?rest_route=\/wp\/v2\/posts\/63212","targetHints":{"allow":["GET"]}}],"collection":[{"href":"https:\/\/zonaroja.com.mx\/index.php?rest_route=\/wp\/v2\/posts"}],"about":[{"href":"https:\/\/zonaroja.com.mx\/index.php?rest_route=\/wp\/v2\/types\/post"}],"author":[{"embeddable":true,"href":"https:\/\/zonaroja.com.mx\/index.php?rest_route=\/wp\/v2\/users\/2"}],"replies":[{"embeddable":true,"href":"https:\/\/zonaroja.com.mx\/index.php?rest_route=%2Fwp%2Fv2%2Fcomments&post=63212"}],"version-history":[{"count":1,"href":"https:\/\/zonaroja.com.mx\/index.php?rest_route=\/wp\/v2\/posts\/63212\/revisions"}],"predecessor-version":[{"id":63213,"href":"https:\/\/zonaroja.com.mx\/index.php?rest_route=\/wp\/v2\/posts\/63212\/revisions\/63213"}],"wp:featuredmedia":[{"embeddable":true,"href":"https:\/\/zonaroja.com.mx\/index.php?rest_route=\/wp\/v2\/media\/29993"}],"wp:attachment":[{"href":"https:\/\/zonaroja.com.mx\/index.php?rest_route=%2Fwp%2Fv2%2Fmedia&parent=63212"}],"wp:term":[{"taxonomy":"category","embeddable":true,"href":"https:\/\/zonaroja.com.mx\/index.php?rest_route=%2Fwp%2Fv2%2Fcategories&post=63212"},{"taxonomy":"post_tag","embeddable":true,"href":"https:\/\/zonaroja.com.mx\/index.php?rest_route=%2Fwp%2Fv2%2Ftags&post=63212"}],"curies":[{"name":"wp","href":"https:\/\/api.w.org\/{rel}","templated":true}]}}