{"id":63214,"date":"2023-12-14T21:56:40","date_gmt":"2023-12-15T03:56:40","guid":{"rendered":"http:\/\/www.zonaroja.com.mx\/?p=63214"},"modified":"2023-12-14T21:56:42","modified_gmt":"2023-12-15T03:56:42","slug":"designa-el-congreso-a-cuatro-magistradas-y-un-magistrado-del-poder-judicial","status":"publish","type":"post","link":"https:\/\/zonaroja.com.mx\/?p=63214","title":{"rendered":"Designa el Congreso a cuatro magistradas y un magistrado del Poder Judicial"},"content":{"rendered":"\n<p>Redacci\u00f3n\/Zona Roja.<\/p>\n\n\n\n<p>Oaxaca de Ju\u00e1rez, Oax., 14 de diciembre de 2023.- En sesi\u00f3n extraordinaria, el pleno de la 65 Legislatura local design\u00f3 a las cuatro magistradas y un magistrado del Tribunal Superior de Justicia del Estado de Oaxaca, para un periodo de ocho a\u00f1os.&nbsp;<\/p>\n\n\n\n<p>Lo anterior, luego de avalar los cinco dict\u00e1menes con 35 votos a favor, mediante los cuales aprob\u00f3 las ternas para ocupar los cargos de magistraturas de dicho tribunal, enviadas por el gobernador Salom\u00f3n Jara Cruz.<\/p>\n\n\n\n<p>Previo a la aprobaci\u00f3n de los dict\u00e1menes, la Comisi\u00f3n Permanente de Administraci\u00f3n y Procuraci\u00f3n de Justicia, presidida por la diputada Lizett Arroyo Rodr\u00edguez, entrevist\u00f3 a las 15 personas propuestas, de las cuales el Pleno eligi\u00f3 como magistradas a las ciudadanas Margarita Leonor Gopar P\u00e9rez, con 35 votos; \u00c9rika Mar\u00eda Rodr\u00edguez Rodr\u00edguez, con 35 votos; Flor de Mar\u00eda Arellanes Luna, con 34 votos; y Mar\u00eda Cristina Mart\u00ednez Tenorio, con 35 votos.&nbsp;<\/p>\n\n\n\n<p>En tanto, como magistrado fue designado el ciudadano Javier Garc\u00eda P\u00e9rez, con 30 votos a favor.&nbsp;<\/p>\n\n\n\n<p>Luego de su elecci\u00f3n, las magistradas y el magistrado rindieron protesta del cargo ante el pleno, comprometi\u00e9ndose a cumplir con la responsabilidad que conlleva ocupar las magistraturas del Tribunal Superior de Justicia del Estado.<\/p>\n\n\n\n<p>Las y los diputados votaron por dichas personas aspirantes al considerar que cuentan con el perfil id\u00f3neo para estar en el tribunal responsable de la impartici\u00f3n de justicia en Oaxaca.&nbsp;<\/p>\n\n\n\n<p>En representaci\u00f3n del Congreso, el presidente de la Junta de Coordinaci\u00f3n Pol\u00edtica (Jucopo), Sergio L\u00f3pez S\u00e1nchez, destac\u00f3 el consenso entre las y los diputados de la LXV Legislatura local, incluyendo el de todos los integrantes de la comisi\u00f3n dictaminadora, para la designaci\u00f3n de las cinco magistraturas.&nbsp;<\/p>\n\n\n\n<p>Los cinco decretos aprobados entraron en vigor a partir de este 14 de diciembre de 2023.<\/p>\n","protected":false},"excerpt":{"rendered":"<p>Redacci\u00f3n\/Zona Roja. Oaxaca de Ju\u00e1rez, Oax., 14 de diciembre de 2023.- En sesi\u00f3n extraordinaria, el&hellip;<\/p>\n","protected":false},"author":2,"featured_media":63215,"comment_status":"closed","ping_status":"open","sticky":false,"template":"","format":"standard","meta":{"_lmt_disableupdate":"","_lmt_disable":"","_jetpack_memberships_contains_paid_content":false,"footnotes":""},"categories":[109,46],"tags":[2743],"class_list":["post-63214","post","type-post","status-publish","format-standard","has-post-thumbnail","hentry","category-minuto-a-minuto","category-zona-blanca","tag-65-legislatura-del-estado-de-oaxaca"],"jetpack_featured_media_url":"https:\/\/zonaroja.com.mx\/wp-content\/uploads\/2023\/12\/Sesion-extraordinaria-eleccion-de-magistrados.jpeg","jetpack_sharing_enabled":true,"_links":{"self":[{"href":"https:\/\/zonaroja.com.mx\/index.php?rest_route=\/wp\/v2\/posts\/63214","targetHints":{"allow":["GET"]}}],"collection":[{"href":"https:\/\/zonaroja.com.mx\/index.php?rest_route=\/wp\/v2\/posts"}],"about":[{"href":"https:\/\/zonaroja.com.mx\/index.php?rest_route=\/wp\/v2\/types\/post"}],"author":[{"embeddable":true,"href":"https:\/\/zonaroja.com.mx\/index.php?rest_route=\/wp\/v2\/users\/2"}],"replies":[{"embeddable":true,"href":"https:\/\/zonaroja.com.mx\/index.php?rest_route=%2Fwp%2Fv2%2Fcomments&post=63214"}],"version-history":[{"count":1,"href":"https:\/\/zonaroja.com.mx\/index.php?rest_route=\/wp\/v2\/posts\/63214\/revisions"}],"predecessor-version":[{"id":63216,"href":"https:\/\/zonaroja.com.mx\/index.php?rest_route=\/wp\/v2\/posts\/63214\/revisions\/63216"}],"wp:featuredmedia":[{"embeddable":true,"href":"https:\/\/zonaroja.com.mx\/index.php?rest_route=\/wp\/v2\/media\/63215"}],"wp:attachment":[{"href":"https:\/\/zonaroja.com.mx\/index.php?rest_route=%2Fwp%2Fv2%2Fmedia&parent=63214"}],"wp:term":[{"taxonomy":"category","embeddable":true,"href":"https:\/\/zonaroja.com.mx\/index.php?rest_route=%2Fwp%2Fv2%2Fcategories&post=63214"},{"taxonomy":"post_tag","embeddable":true,"href":"https:\/\/zonaroja.com.mx\/index.php?rest_route=%2Fwp%2Fv2%2Ftags&post=63214"}],"curies":[{"name":"wp","href":"https:\/\/api.w.org\/{rel}","templated":true}]}}