{"id":6322,"date":"2019-12-03T22:27:40","date_gmt":"2019-12-04T04:27:40","guid":{"rendered":"http:\/\/www.zonaroja.com.mx\/?p=6322"},"modified":"2019-12-03T22:27:44","modified_gmt":"2019-12-04T04:27:44","slug":"hay-un-gran-consenso-por-apoyar-a-la-universidad-horacio-sosa","status":"publish","type":"post","link":"https:\/\/zonaroja.com.mx\/?p=6322","title":{"rendered":"\u201cHay un gran consenso por apoyar a la Universidad\u201d: Horacio Sosa"},"content":{"rendered":"\n<p>Ismael Garc\u00eda M.\/Zona Roja.<\/p>\n\n\n\n<p>San Raymundo Jalpan, Oax., 3 de\ndiciembre de 2019.- El presidente de la Junta de Coordinaci\u00f3n Pol\u00edtica de la 64\nLegislatura, Horacio Sosa Villavicencio, ofreci\u00f3 todo su respaldo y el de los\ndiputados del Partido Morena, a la UABJO, en su gesti\u00f3n de mayor presupuesto.<\/p>\n\n\n\n<p>\u201cTenemos el compromiso de ayudar y\ndesde la Junta de Coordinaci\u00f3n Pol\u00edtica vamos a trabajar para que tenga la\nUniversidad un presupuesto justo; tambi\u00e9n desde el grupo parlamentario de\nMorena lo vamos a hacer\u201d, dijo.<\/p>\n\n\n\n<p>En su mensaje durante la reuni\u00f3n con el\nrector de la Universidad Aut\u00f3noma \u201cBenito Ju\u00e1rez\u201d de Oaxaca, Eduardo Bautista\nMart\u00ednez, as\u00ed como directivos y estudiantes, agreg\u00f3 que era importante escuchar\nla realidad de los universitarios.<\/p>\n\n\n\n<p>\u201cHay un gran consenso por apoyar a la\nUniversidad, lo vamos a hacer; escucharon a los integrantes de la Comisi\u00f3n de Presupuesto,\nnadie se va a decir ajeno que no conoc\u00eda la problem\u00e1tica que vive la\nuniversidad.<\/p>\n\n\n\n<p>\u201cTengan confianza que le va a ir bien a\nla Universidad en esta 64 Legislatura; le he pedido al rector que tengamos\nestrecha comunicaci\u00f3n, que caminemos juntos, porque si estamos unidos, podemos\nsalir adelante a Oaxaca, a la Universidad.<\/p>\n\n\n\n<p>\u201cCaminemos juntos y vamos a apoyar a la Universidad, es el compromiso que hacemos desde la Junta de Coordinaci\u00f3n Pol\u00edtica, las veces que sean necesarias aqu\u00ed vamos a estar\u201d, expres\u00f3 el l\u00edder de la fracci\u00f3n morenista.<\/p>\n\n\n\n<figure class=\"wp-block-embed-twitter wp-block-embed is-type-rich is-provider-twitter\"><div class=\"wp-block-embed__wrapper\">\n<div class=\"twitter-tweet\"><blockquote class=\"twitter-tweet\" data-lang=\"es\"><p lang=\"es\" dir=\"ltr\">(2) El presidente de la Junta de Coordinaci\u00f3n Pol\u00edtica del <a href=\"https:\/\/twitter.com\/CongresoOaxLXIV?ref_src=twsrc%5Etfw\">@CongresoOaxLXIV<\/a>, <a href=\"https:\/\/twitter.com\/HoracioSosaOax?ref_src=twsrc%5Etfw\">@HoracioSosaOax<\/a>, dio la bienvenida a los universitarios y expres\u00f3 el compromiso de los legisladores de apoyar a la m\u00e1xima casa de estudios, que dirige <a href=\"https:\/\/twitter.com\/Bautistaeduardo?ref_src=twsrc%5Etfw\">@BautistaEduardo<\/a>. <a href=\"https:\/\/t.co\/tL2Vt7GhtG\">pic.twitter.com\/tL2Vt7GhtG<\/a><\/p>&mdash; Zona Roja Oaxaca (@MexRoja) <a href=\"https:\/\/twitter.com\/MexRoja\/status\/1202037578297425921?ref_src=twsrc%5Etfw\">4 de diciembre de 2019<\/a><\/blockquote><\/div>\n<\/div><\/figure>\n\n\n\n<p>CAMPA\u00d1A NEGRA<\/p>\n\n\n\n<p>Por su parte, el diputado por el PT,\nNo\u00e9 Doroteo Castillejos, expres\u00f3 tambi\u00e9n su compromiso de apoyar a la UABJO y\nrecrimin\u00f3 la \u201ccampa\u00f1a negra\u201d en contra de la instituci\u00f3n, justo cuando realiza\nla gesti\u00f3n de recursos.<\/p>\n\n\n\n<p>\u201cEs muy f\u00e1cil la estrategia de mancha\nque algo tiene, es muy f\u00e1cil la estrategia clara y puntual de pretender de\nantemano deslegitimar una demanda; es decir, tratar de decir si ahorita te digo\nque est\u00e1s mal, para qu\u00e9 me vienes a pedir dinero\u201d, dijo.<\/p>\n\n\n\n<p>\u201cEl tema es contra la universidad s\u00ed, porque son rijosos, porque son pendencieros; el tema es atentar contra la universidad, por muchas razones porque los funcionarios no entienden a la Universidad popular, porque estudiaron en universidades privadas. Muchos quieren ver la parte negativa, nosotros vemos la parte positiva\u201d, manifest\u00f3.<\/p>\n\n\n\n<figure class=\"wp-block-embed-twitter wp-block-embed is-type-rich is-provider-twitter\"><div class=\"wp-block-embed__wrapper\">\n<div class=\"twitter-tweet\"><blockquote class=\"twitter-tweet\" data-lang=\"es\"><p lang=\"es\" dir=\"ltr\">(3) En su intervenci\u00f3n, el diputado <a href=\"https:\/\/twitter.com\/NoeDoroteo?ref_src=twsrc%5Etfw\">@NoeDoroteo<\/a> lament\u00f3 la campa\u00f1a de desprestigio en contra de la <a href=\"https:\/\/twitter.com\/UABJO?ref_src=twsrc%5Etfw\">@UABJO<\/a>, sobre presuntas irregularidades en el manejo de los recursos 2018, y que se dan justo cuando el rector <a href=\"https:\/\/twitter.com\/Bautistaeduardo?ref_src=twsrc%5Etfw\">@BautistaEduardo<\/a> gestiona m\u00e1s presupuesto. <a href=\"https:\/\/t.co\/emKAmDypZu\">pic.twitter.com\/emKAmDypZu<\/a><\/p>&mdash; Zona Roja Oaxaca (@MexRoja) <a href=\"https:\/\/twitter.com\/MexRoja\/status\/1202046256006270990?ref_src=twsrc%5Etfw\">4 de diciembre de 2019<\/a><\/blockquote><\/div>\n<\/div><\/figure>\n\n\n\n<p>NO ESCUCHAN<\/p>\n\n\n\n<p>A su vez, el tambi\u00e9n diputado por el PT\ny ex presidente de la Mesa Directiva, C\u00e9sar Morales Ni\u00f1o, tambi\u00e9n ofreci\u00f3 su\nrespaldo a la UABJO.<\/p>\n\n\n\n<p>\u201cNo soy de la Universidad, me form\u00e9 en\nla UNAM, pero nos une el esp\u00edritu universitario\u201d, expres\u00f3, en el encuentro\nefectuado en el auditorio de la sede del Poder Legislativo.<\/p>\n\n\n\n<p>Revel\u00f3 que tras la primera reuni\u00f3n con\nlas autoridades universitarias, solicit\u00f3 una reuni\u00f3n con la Secretar\u00eda de\nFinanzas del Gobierno del Estado, pero le fue negada.<\/p>\n\n\n\n<p>Por ello, durante la sesi\u00f3n en que se\ndiscuta el Presupuesto de Egresos 2020, presentar\u00e1 un reserva correspondiente\nen el caso de la UABJO, a fin de que se respete y garantice un incremento al\npresupuesto de la instituci\u00f3n.<\/p>\n","protected":false},"excerpt":{"rendered":"<p>Ismael Garc\u00eda M.\/Zona Roja. San Raymundo Jalpan, Oax., 3 de diciembre de 2019.- El presidente&hellip;<\/p>\n","protected":false},"author":2,"featured_media":6323,"comment_status":"closed","ping_status":"open","sticky":false,"template":"","format":"standard","meta":{"_lmt_disableupdate":"","_lmt_disable":"","_jetpack_memberships_contains_paid_content":false,"footnotes":""},"categories":[109,46],"tags":[213,444,360],"class_list":["post-6322","post","type-post","status-publish","format-standard","has-post-thumbnail","hentry","category-minuto-a-minuto","category-zona-blanca","tag-64-legislatura-de-oaxaca","tag-horacio-sosa-villavicencio","tag-rector-eduardo-bautista-martinez"],"jetpack_featured_media_url":"https:\/\/zonaroja.com.mx\/wp-content\/uploads\/2019\/12\/Image-1-51.png","jetpack_sharing_enabled":true,"_links":{"self":[{"href":"https:\/\/zonaroja.com.mx\/index.php?rest_route=\/wp\/v2\/posts\/6322","targetHints":{"allow":["GET"]}}],"collection":[{"href":"https:\/\/zonaroja.com.mx\/index.php?rest_route=\/wp\/v2\/posts"}],"about":[{"href":"https:\/\/zonaroja.com.mx\/index.php?rest_route=\/wp\/v2\/types\/post"}],"author":[{"embeddable":true,"href":"https:\/\/zonaroja.com.mx\/index.php?rest_route=\/wp\/v2\/users\/2"}],"replies":[{"embeddable":true,"href":"https:\/\/zonaroja.com.mx\/index.php?rest_route=%2Fwp%2Fv2%2Fcomments&post=6322"}],"version-history":[{"count":1,"href":"https:\/\/zonaroja.com.mx\/index.php?rest_route=\/wp\/v2\/posts\/6322\/revisions"}],"predecessor-version":[{"id":6324,"href":"https:\/\/zonaroja.com.mx\/index.php?rest_route=\/wp\/v2\/posts\/6322\/revisions\/6324"}],"wp:featuredmedia":[{"embeddable":true,"href":"https:\/\/zonaroja.com.mx\/index.php?rest_route=\/wp\/v2\/media\/6323"}],"wp:attachment":[{"href":"https:\/\/zonaroja.com.mx\/index.php?rest_route=%2Fwp%2Fv2%2Fmedia&parent=6322"}],"wp:term":[{"taxonomy":"category","embeddable":true,"href":"https:\/\/zonaroja.com.mx\/index.php?rest_route=%2Fwp%2Fv2%2Fcategories&post=6322"},{"taxonomy":"post_tag","embeddable":true,"href":"https:\/\/zonaroja.com.mx\/index.php?rest_route=%2Fwp%2Fv2%2Ftags&post=6322"}],"curies":[{"name":"wp","href":"https:\/\/api.w.org\/{rel}","templated":true}]}}