{"id":63226,"date":"2023-12-15T10:30:00","date_gmt":"2023-12-15T16:30:00","guid":{"rendered":"http:\/\/www.zonaroja.com.mx\/?p=63226"},"modified":"2023-12-15T07:54:49","modified_gmt":"2023-12-15T13:54:49","slug":"siguen-desaparecidos-10-comuneros-de-texcapilla-los-identifican","status":"publish","type":"post","link":"https:\/\/zonaroja.com.mx\/?p=63226","title":{"rendered":"Siguen desaparecidos 10 comuneros de Texcapilla; los identifican"},"content":{"rendered":"\n<p>Redacci\u00f3n\/Zona Roja Cdmx.<\/p>\n\n\n\n<p>Ciudad de M\u00e9xico, a 15 de diciembre de 2023.- Comuneros de Texcapilla, en el municipio de Texcaltitl\u00e1n, facilitaron un listado de nueve personas supuestamente desaparecidas, luego del enfrentamiento que sostuvieron el pasado viernes con integrantes del c\u00e1rtel de \u201cLa Familia Michoacana\u201d.<\/p>\n\n\n\n<p>Entre ellos figuran cuatro menores de edad; una ni\u00f1a de un a\u00f1o y seis meses de nacida, otro peque\u00f1o de cinco, una peque\u00f1a de 13 a\u00f1os y un adolescente de 14 a\u00f1os de edad.<\/p>\n\n\n\n<p>Entre el grupo de quienes no se encuentran en Texcapilla hay siete integrantes de una familia y dos de sus vecinas, indica la hoja del listado escrito a mano.<\/p>\n\n\n\n<p>De acuerdo a los pobladores del sur del Estado de M\u00e9xico, las personas que no aparecen tras el acontecimiento son: Trinidad Huicochea, de 67 a\u00f1os de edad; Joel Huicochea de 34; Teresa Huicochea de 18; Edwin Huicochea de 14; Lucero Huicochea de 13, Dylan Tadeo Huicochea de cinco a\u00f1os de edad; Keyly Huicochea de un a\u00f1o de nacida, Norma Esquivel de 35 a\u00f1os y Guadalupe Trinidad de 22.<\/p>\n\n\n\n<p>Apenas el martes pasado, los mismos comuneros dedicados a la siembra de haba, ma\u00edz y avena, por citar algunos cultivos que se dan en la regi\u00f3n sur mexiquense, calculaban que son 20 de sus vecinos los que no aparecen desde que se registr\u00f3 la batalla campal entre pobladores y la delincuencia organizada.<\/p>\n\n\n\n<p>El viernes pasado,14 individuos fallecieron en los hechos violentos, entre estos 10 criminales de \u201cLa Familia Michoacana\u201d y cuatro lugare\u00f1os, figurando tres mujeres y su delegado comunal, No\u00e9 Olivares Alp\u00edzar.<\/p>\n\n\n\n<p>Es de subrayar que una de las pobladoras ha declarado que desde la noche del viernes anterior, posterior al suceso, algunos de sus vecinos se fueron del poblado ante el temor de que los delincuentes regresaran para intentar matarlos.<\/p>\n\n\n\n<p>Y si bien a inicios de semana algunos comercios de esta localidad ya hab\u00edan abierto, en el transcurso de este mi\u00e9rcoles hubo nuevamente establecimientos con cortinas abajo.<\/p>\n\n\n\n<p>En tanto, la vigilancia por parte de los soldados, de la Guardia Nacional (GN) y de la polic\u00eda estatal se mantiene en el centro, pero lo que siguen pidiendo los uniformados adscritos a la Secretar\u00eda de Seguridad del Estado de M\u00e9xico, es que les lleven de comer, pues las jornadas de vigilancia para resguardar a la poblaci\u00f3n han sido intensas.<\/p>\n\n\n\n<p>(Informaci\u00f3n de \u201cEl Financiero\u201d)<\/p>\n","protected":false},"excerpt":{"rendered":"<p>Redacci\u00f3n\/Zona Roja Cdmx. Ciudad de M\u00e9xico, a 15 de diciembre de 2023.- Comuneros de Texcapilla,&hellip;<\/p>\n","protected":false},"author":2,"featured_media":63227,"comment_status":"closed","ping_status":"open","sticky":false,"template":"","format":"standard","meta":{"_lmt_disableupdate":"","_lmt_disable":"","_jetpack_memberships_contains_paid_content":false,"footnotes":""},"categories":[109,47],"tags":[3750],"class_list":["post-63226","post","type-post","status-publish","format-standard","has-post-thumbnail","hentry","category-minuto-a-minuto","category-zona-gris","tag-texcaltitlan"],"jetpack_featured_media_url":"https:\/\/zonaroja.com.mx\/wp-content\/uploads\/2023\/12\/Texcapilla-Estado-de-Mexico.webp","jetpack_sharing_enabled":true,"_links":{"self":[{"href":"https:\/\/zonaroja.com.mx\/index.php?rest_route=\/wp\/v2\/posts\/63226","targetHints":{"allow":["GET"]}}],"collection":[{"href":"https:\/\/zonaroja.com.mx\/index.php?rest_route=\/wp\/v2\/posts"}],"about":[{"href":"https:\/\/zonaroja.com.mx\/index.php?rest_route=\/wp\/v2\/types\/post"}],"author":[{"embeddable":true,"href":"https:\/\/zonaroja.com.mx\/index.php?rest_route=\/wp\/v2\/users\/2"}],"replies":[{"embeddable":true,"href":"https:\/\/zonaroja.com.mx\/index.php?rest_route=%2Fwp%2Fv2%2Fcomments&post=63226"}],"version-history":[{"count":1,"href":"https:\/\/zonaroja.com.mx\/index.php?rest_route=\/wp\/v2\/posts\/63226\/revisions"}],"predecessor-version":[{"id":63228,"href":"https:\/\/zonaroja.com.mx\/index.php?rest_route=\/wp\/v2\/posts\/63226\/revisions\/63228"}],"wp:featuredmedia":[{"embeddable":true,"href":"https:\/\/zonaroja.com.mx\/index.php?rest_route=\/wp\/v2\/media\/63227"}],"wp:attachment":[{"href":"https:\/\/zonaroja.com.mx\/index.php?rest_route=%2Fwp%2Fv2%2Fmedia&parent=63226"}],"wp:term":[{"taxonomy":"category","embeddable":true,"href":"https:\/\/zonaroja.com.mx\/index.php?rest_route=%2Fwp%2Fv2%2Fcategories&post=63226"},{"taxonomy":"post_tag","embeddable":true,"href":"https:\/\/zonaroja.com.mx\/index.php?rest_route=%2Fwp%2Fv2%2Ftags&post=63226"}],"curies":[{"name":"wp","href":"https:\/\/api.w.org\/{rel}","templated":true}]}}