{"id":63235,"date":"2023-12-15T11:30:00","date_gmt":"2023-12-15T17:30:00","guid":{"rendered":"http:\/\/www.zonaroja.com.mx\/?p=63235"},"modified":"2023-12-15T08:08:41","modified_gmt":"2023-12-15T14:08:41","slug":"envian-12-expedientes-a-tribunal-de-justicia-administrativa-contra-ex-edil-de-oaxaca","status":"publish","type":"post","link":"https:\/\/zonaroja.com.mx\/?p=63235","title":{"rendered":"Env\u00edan 12 expedientes a Tribunal de Justicia Administrativa contra ex edil de Oaxaca"},"content":{"rendered":"\n<p>Yuridiana Sosa\/Zona Roja.<\/p>\n\n\n\n<p>Oaxaca de Ju\u00e1rez, Oax., a 14 de diciembre de 2023.- La Contralor\u00eda Interna del ayuntamiento de Oaxaca de Ju\u00e1rez envi\u00f3 al Tribunal de Justicia Administrativa y Combate contra la Corrupci\u00f3n de Oaxaca el primero de 12 expedientes iniciados por presuntos actos ilegales en el ejercicio de la funci\u00f3n p\u00fablica por parte del ex edil &nbsp;Oswaldo Garc\u00eda Jarqu\u00edn.<\/p>\n\n\n\n<p>El contralor municipal, Francisco Carrera, indic\u00f3 al sitio informativo \u201cLa Onda\u201d que el ex presidente municipal de la capital no se present\u00f3, ni envi\u00f3 representaci\u00f3n, a la cita del 13 de diciembre en la que ten\u00eda el derecho de realizar aclaraciones sobre los se\u00f1alamientos por presuntos actos de corrupci\u00f3n.<\/p>\n\n\n\n<p>Al agotarse las acciones de parte del \u00f3rgano interno municipal, en un primer caso, el contralor indic\u00f3 que el expediente se turna al Tribunal de Justicia Administrativa por ser conductas graves, como presuntos actos de desv\u00edo de recursos, abuso de funciones y uso indebido del servicio p\u00fablico.<\/p>\n\n\n\n<p>Precis\u00f3 que en total se iniciaron 12 expedientes relacionados al estudio de c\u00f3mo se recibi\u00f3 la administraci\u00f3n anterior, es decir, la encabezada por Oswaldo Garc\u00eda Jarqu\u00edn, de Morena.<\/p>\n\n\n\n<p>Durante su segundo informe de gobierno, el presidente municipal Francisco Mart\u00ednez Neri, presumi\u00f3 avances de las acciones en el combate a la corrupci\u00f3n, en las que destac\u00f3 los expedientes de investigaci\u00f3n sobre la administraci\u00f3n de su antecesor.<\/p>\n\n\n\n<p>Por otra parte, y pese a los se\u00f1alamientos contra su administraci\u00f3n, Garc\u00eda Jarqu\u00edn anunci\u00f3 en redes sociales su inscripci\u00f3n como precandidato, en busca de la candidatura, para la diputaci\u00f3n del Distrito 13, de Oaxaca de Ju\u00e1rez y San Andr\u00e9s Huay\u00e1pam, pues presumi\u00f3 conocer las necesidades de la poblaci\u00f3n.<\/p>\n","protected":false},"excerpt":{"rendered":"<p>Yuridiana Sosa\/Zona Roja. Oaxaca de Ju\u00e1rez, Oax., a 14 de diciembre de 2023.- La Contralor\u00eda&hellip;<\/p>\n","protected":false},"author":2,"featured_media":49435,"comment_status":"closed","ping_status":"open","sticky":false,"template":"","format":"standard","meta":{"_lmt_disableupdate":"","_lmt_disable":"","_jetpack_memberships_contains_paid_content":false,"footnotes":""},"categories":[109,46],"tags":[2418,115],"class_list":["post-63235","post","type-post","status-publish","format-standard","has-post-thumbnail","hentry","category-minuto-a-minuto","category-zona-blanca","tag-francisco-martinez-neri","tag-oswaldo-garcia-jarquin"],"jetpack_featured_media_url":"https:\/\/zonaroja.com.mx\/wp-content\/uploads\/2022\/12\/Francisco-Martinez-Neri-y-Oswaldo-Garcia-Jarquin.jpg","jetpack_sharing_enabled":true,"_links":{"self":[{"href":"https:\/\/zonaroja.com.mx\/index.php?rest_route=\/wp\/v2\/posts\/63235","targetHints":{"allow":["GET"]}}],"collection":[{"href":"https:\/\/zonaroja.com.mx\/index.php?rest_route=\/wp\/v2\/posts"}],"about":[{"href":"https:\/\/zonaroja.com.mx\/index.php?rest_route=\/wp\/v2\/types\/post"}],"author":[{"embeddable":true,"href":"https:\/\/zonaroja.com.mx\/index.php?rest_route=\/wp\/v2\/users\/2"}],"replies":[{"embeddable":true,"href":"https:\/\/zonaroja.com.mx\/index.php?rest_route=%2Fwp%2Fv2%2Fcomments&post=63235"}],"version-history":[{"count":1,"href":"https:\/\/zonaroja.com.mx\/index.php?rest_route=\/wp\/v2\/posts\/63235\/revisions"}],"predecessor-version":[{"id":63236,"href":"https:\/\/zonaroja.com.mx\/index.php?rest_route=\/wp\/v2\/posts\/63235\/revisions\/63236"}],"wp:featuredmedia":[{"embeddable":true,"href":"https:\/\/zonaroja.com.mx\/index.php?rest_route=\/wp\/v2\/media\/49435"}],"wp:attachment":[{"href":"https:\/\/zonaroja.com.mx\/index.php?rest_route=%2Fwp%2Fv2%2Fmedia&parent=63235"}],"wp:term":[{"taxonomy":"category","embeddable":true,"href":"https:\/\/zonaroja.com.mx\/index.php?rest_route=%2Fwp%2Fv2%2Fcategories&post=63235"},{"taxonomy":"post_tag","embeddable":true,"href":"https:\/\/zonaroja.com.mx\/index.php?rest_route=%2Fwp%2Fv2%2Ftags&post=63235"}],"curies":[{"name":"wp","href":"https:\/\/api.w.org\/{rel}","templated":true}]}}