{"id":63240,"date":"2023-12-15T15:14:00","date_gmt":"2023-12-15T21:14:00","guid":{"rendered":"http:\/\/www.zonaroja.com.mx\/?p=63240"},"modified":"2023-12-15T08:15:32","modified_gmt":"2023-12-15T14:15:32","slug":"activistas-de-eloxochitlan-protestaron-en-la-scjn-para-exigir-justicia","status":"publish","type":"post","link":"https:\/\/zonaroja.com.mx\/?p=63240","title":{"rendered":"Activistas de Eloxochitl\u00e1n protestaron en la SCJN para exigir justicia"},"content":{"rendered":"\n<p>Redacci\u00f3n\/Zona Roja Cdmx.<\/p>\n\n\n\n<p>Ciudad de M\u00e9xico, a 15 de diciembre de 2023.- Luego de realizar una manifestaci\u00f3n a las afueras de la Suprema Corte de Justicia de la Naci\u00f3n (SCJN), una comisi\u00f3n de integrantes de la comunidad de Eloxochitl\u00e1n de Flores Mag\u00f3n, Oaxaca, fue recibida la tarde de ayer por funcionarios del \u00e1rea de derechos humanos del m\u00e1ximo \u00f3rgano de justicia del pa\u00eds.<\/p>\n\n\n\n<p>Argelia Betanzos, de Mazatecas por la Libertad, detall\u00f3 que, en la reuni\u00f3n, de aproximadamente 3 horas, y en la que participaron familiares de \u201cpresos y perseguidos\u201d del poblado, se determin\u00f3 establecer una mesa de trabajo, por lo cual calific\u00f3 la junta como \u201cproductiva\u201d.<\/p>\n\n\n\n<p>Record\u00f3 que fue un 14 de diciembre de hace 9 a\u00f1os cuando en la comunidad ocurrieron \u201cactos de represi\u00f3n\u201d que derivaron la detenci\u00f3n de 33 pobladores. Algunos de ellos acusados del presunto homicidio de Manuel Zepeda, hermano de la ex presidenta municipal Elisa Zepeda, por tentativa de homicidio.<\/p>\n\n\n\n<p>\u201cDejamos claro un pliego petitorio ante Suprema Corte, el cual en uno de sus puntos expone el incumplimiento del poder judicial del estado de Oaxaca a sentencias federales de amparo. Desde el a\u00f1o 2015 se ganaron diferentes sentencias de amparo, que debieron dar como resultado la libertad de todas las personas acusadas como perseguidas.<\/p>\n\n\n\n<p>\u201cEl poder judicial de Oaxaca nunca ha atendido ni atender\u00e1, por eso pedimos una propuesta de justicia que le corresponde a una comunidad ind\u00edgena criminalizada. Como resultado de la reuni\u00f3n se gener\u00f3 una minuta de acuerdos\u201d.<\/p>\n\n\n\n<p>A\u00f1adi\u00f3 que insistir\u00e1n hasta llegar a la resoluci\u00f3n de las demandas; \u201calcanzar la libertad a trav\u00e9s de la resoluci\u00f3n de problem\u00e1ticas jur\u00eddicas que dejamos planteadas ante la Suprema Corte, que tiene la infraestructura para resolver\u201d. Otra petici\u00f3n es \u201creunirnos pronto con el Instituto Federal de la Defensor\u00eda P\u00fablica, para que ese instituto represente a nuestros compa\u00f1eros perseguidos\u201d.<\/p>\n\n\n\n<p>Por la ma\u00f1ana, a un costado de las vallas que cerraban el paso hacia la SCJN, debido al informe de la ministra presidenta, Norma Pi\u00f1a, lament\u00f3 que a \u201c9 a\u00f1os de lucha por la libertad y el regreso a la comunidad de las personas perseguidas, el actual gobierno de Oaxaca continua en alianza con el grupo caciquil de nuestro pueblo, a la cabeza Eliza Zepeda, secretaria de la Mujer de Oaxaca, expresidenta municipal (de la comunidad) y ex diputada local\u201d.<\/p>\n\n\n\n<p>Previo a la reuni\u00f3n se\u00f1al\u00f3 a La Jornada que la intenci\u00f3n era contactar con el \u00e1rea de derechos humanos de la SCJN. \u201cVenimos a pedir a la Suprema Corte, una mesa de trabajo definitiva, que d\u00e9 una atenci\u00f3n profunda y resolutiva a todos los casos de prisi\u00f3n y persecuci\u00f3n pol\u00edtica. A 9 a\u00f1os, el poder judicial del estado de Oaxaca est\u00e9 agotado rebasado y corrompido, se necesita de la Suprema Corte, porque estamos en estado de sitio, de encarcelamiento continuo, alguien tiene que poner un ya basta desde las creatividades jur\u00eddicas. Est\u00e1n siendo afectadas 40 familias\u201d.<\/p>\n\n\n\n<p>(Informaci\u00f3n de \u201cLa Jornada\u201d)<\/p>\n","protected":false},"excerpt":{"rendered":"<p>Redacci\u00f3n\/Zona Roja Cdmx. Ciudad de M\u00e9xico, a 15 de diciembre de 2023.- Luego de realizar&hellip;<\/p>\n","protected":false},"author":2,"featured_media":24924,"comment_status":"closed","ping_status":"open","sticky":false,"template":"","format":"standard","meta":{"_lmt_disableupdate":"","_lmt_disable":"","_jetpack_memberships_contains_paid_content":false,"footnotes":""},"categories":[109,46],"tags":[719],"class_list":["post-63240","post","type-post","status-publish","format-standard","has-post-thumbnail","hentry","category-minuto-a-minuto","category-zona-blanca","tag-eloxochitlan-de-flores-magon"],"jetpack_featured_media_url":"https:\/\/zonaroja.com.mx\/wp-content\/uploads\/2021\/03\/Conferencia-caso-Eloxochitlan.jpg","jetpack_sharing_enabled":true,"_links":{"self":[{"href":"https:\/\/zonaroja.com.mx\/index.php?rest_route=\/wp\/v2\/posts\/63240","targetHints":{"allow":["GET"]}}],"collection":[{"href":"https:\/\/zonaroja.com.mx\/index.php?rest_route=\/wp\/v2\/posts"}],"about":[{"href":"https:\/\/zonaroja.com.mx\/index.php?rest_route=\/wp\/v2\/types\/post"}],"author":[{"embeddable":true,"href":"https:\/\/zonaroja.com.mx\/index.php?rest_route=\/wp\/v2\/users\/2"}],"replies":[{"embeddable":true,"href":"https:\/\/zonaroja.com.mx\/index.php?rest_route=%2Fwp%2Fv2%2Fcomments&post=63240"}],"version-history":[{"count":1,"href":"https:\/\/zonaroja.com.mx\/index.php?rest_route=\/wp\/v2\/posts\/63240\/revisions"}],"predecessor-version":[{"id":63241,"href":"https:\/\/zonaroja.com.mx\/index.php?rest_route=\/wp\/v2\/posts\/63240\/revisions\/63241"}],"wp:featuredmedia":[{"embeddable":true,"href":"https:\/\/zonaroja.com.mx\/index.php?rest_route=\/wp\/v2\/media\/24924"}],"wp:attachment":[{"href":"https:\/\/zonaroja.com.mx\/index.php?rest_route=%2Fwp%2Fv2%2Fmedia&parent=63240"}],"wp:term":[{"taxonomy":"category","embeddable":true,"href":"https:\/\/zonaroja.com.mx\/index.php?rest_route=%2Fwp%2Fv2%2Fcategories&post=63240"},{"taxonomy":"post_tag","embeddable":true,"href":"https:\/\/zonaroja.com.mx\/index.php?rest_route=%2Fwp%2Fv2%2Ftags&post=63240"}],"curies":[{"name":"wp","href":"https:\/\/api.w.org\/{rel}","templated":true}]}}