{"id":6325,"date":"2019-12-04T07:31:33","date_gmt":"2019-12-04T13:31:33","guid":{"rendered":"http:\/\/www.zonaroja.com.mx\/?p=6325"},"modified":"2019-12-04T07:31:36","modified_gmt":"2019-12-04T13:31:36","slug":"ante-policias-porros-agreden-y-matan-a-uno-en-centro-historico-de-oaxaca","status":"publish","type":"post","link":"https:\/\/zonaroja.com.mx\/?p=6325","title":{"rendered":"Ante polic\u00edas, \u201cporros\u201d agreden y matan a uno en Centro Hist\u00f3rico de Oaxaca"},"content":{"rendered":"\n<p>Redacci\u00f3n\/Zona Roja.<\/p>\n\n\n\n<p>Oaxaca de Ju\u00e1rez, Oax., 4 de diciembre\nde 2019.- A la luz de la tarde y pese a la presencia de la polic\u00eda en el\nexterior, un grupo de presuntos \u201cporros\u201d agredi\u00f3 y lesion\u00f3 a cuatro personas en\nun domicilio del Centro Hist\u00f3rico de la ciudad de Oaxaca, una de las perdi\u00f3 la\nvida.<\/p>\n\n\n\n<p>Ayer alrededor de las 15:45 horas de\nayer martes, un arquitecto y otras personas se encontraban en el inmueble ubicado\nen la calle de 5 de Mayo, a tres cuadras de la Alameda de Le\u00f3n, recuperado\ndurante la ma\u00f1ana, tras una orden judicial.<\/p>\n\n\n\n<p>Por la ma\u00f1ana, personal de un juzgado\ncivil arrib\u00f3 para realizar el lanzamiento y darle posesi\u00f3n al due\u00f1o que gan\u00f3 el\njuicio. Tras ello, el due\u00f1o empez\u00f3 a realizar las primeras remodelaciones en el\ninmueble para lo cual contrat\u00f3 a un arquitecto y otros trabajadores.<\/p>\n\n\n\n<p>Por la tarde y pese a la presencia de polic\u00edas,\nun grupo de \u201cporros\u201d lleg\u00f3 al lugar y atac\u00f3 a golpes a las personas que estaban\nen el lugar. Tras consumar la agresi\u00f3n, los sujetos se dieron a la fuga frente\na polic\u00edas municipales de Oaxaca de Ju\u00e1rez.<\/p>\n\n\n\n<p>Seg\u00fan se aprecia en videos difundidos,\nson varios j\u00f3venes algunos de ellos encapuchados, que se retiraron a bordo de\nveh\u00edculos particulares.<\/p>\n\n\n\n<p>Param\u00e9dicos de la Cruz Roja Mexicana,\ncon dos unidades m\u00e9dicas se desplazaron al lugar para atender a los lesionados,\nAbraham Zeferino, de 64 a\u00f1os de edad; Fernando Cid, de 33 a\u00f1os; Jos\u00e9 Arturo\nHern\u00e1ndez, de 40 a\u00f1os y el arquitecto, Enrique R.M., de 60 a\u00f1os de edad.<\/p>\n\n\n\n<p>Los tres primeros fueron trasladados a\nla Cruz Roja, en tanto Enrique fue llevado al Hospital General \u201cDr. Aurelio\nValdivieso\u201d, donde qued\u00f3 encamado y dej\u00f3 de existir la noche de \u00e9ste martes.<\/p>\n","protected":false},"excerpt":{"rendered":"<p>Redacci\u00f3n\/Zona Roja. Oaxaca de Ju\u00e1rez, Oax., 4 de diciembre de 2019.- A la luz de&hellip;<\/p>\n","protected":false},"author":2,"featured_media":6326,"comment_status":"closed","ping_status":"open","sticky":false,"template":"","format":"standard","meta":{"_lmt_disableupdate":"","_lmt_disable":"","_jetpack_memberships_contains_paid_content":false,"footnotes":""},"categories":[109,51],"tags":[148],"class_list":["post-6325","post","type-post","status-publish","format-standard","has-post-thumbnail","hentry","category-minuto-a-minuto","category-zona-roja","tag-oaxaca-de-juarez"],"jetpack_featured_media_url":"https:\/\/zonaroja.com.mx\/wp-content\/uploads\/2019\/12\/860e2c5e-62f3-4eba-af22-1ed54128d076.jpg","jetpack_sharing_enabled":true,"_links":{"self":[{"href":"https:\/\/zonaroja.com.mx\/index.php?rest_route=\/wp\/v2\/posts\/6325","targetHints":{"allow":["GET"]}}],"collection":[{"href":"https:\/\/zonaroja.com.mx\/index.php?rest_route=\/wp\/v2\/posts"}],"about":[{"href":"https:\/\/zonaroja.com.mx\/index.php?rest_route=\/wp\/v2\/types\/post"}],"author":[{"embeddable":true,"href":"https:\/\/zonaroja.com.mx\/index.php?rest_route=\/wp\/v2\/users\/2"}],"replies":[{"embeddable":true,"href":"https:\/\/zonaroja.com.mx\/index.php?rest_route=%2Fwp%2Fv2%2Fcomments&post=6325"}],"version-history":[{"count":1,"href":"https:\/\/zonaroja.com.mx\/index.php?rest_route=\/wp\/v2\/posts\/6325\/revisions"}],"predecessor-version":[{"id":6327,"href":"https:\/\/zonaroja.com.mx\/index.php?rest_route=\/wp\/v2\/posts\/6325\/revisions\/6327"}],"wp:featuredmedia":[{"embeddable":true,"href":"https:\/\/zonaroja.com.mx\/index.php?rest_route=\/wp\/v2\/media\/6326"}],"wp:attachment":[{"href":"https:\/\/zonaroja.com.mx\/index.php?rest_route=%2Fwp%2Fv2%2Fmedia&parent=6325"}],"wp:term":[{"taxonomy":"category","embeddable":true,"href":"https:\/\/zonaroja.com.mx\/index.php?rest_route=%2Fwp%2Fv2%2Fcategories&post=6325"},{"taxonomy":"post_tag","embeddable":true,"href":"https:\/\/zonaroja.com.mx\/index.php?rest_route=%2Fwp%2Fv2%2Ftags&post=6325"}],"curies":[{"name":"wp","href":"https:\/\/api.w.org\/{rel}","templated":true}]}}