{"id":63250,"date":"2023-12-16T09:00:00","date_gmt":"2023-12-16T15:00:00","guid":{"rendered":"http:\/\/www.zonaroja.com.mx\/?p=63250"},"modified":"2023-12-16T06:49:50","modified_gmt":"2023-12-16T12:49:50","slug":"judicializan-caso-de-hostigamiento-sexual-cometido-por-director-de-monte-de-piedad","status":"publish","type":"post","link":"https:\/\/zonaroja.com.mx\/?p=63250","title":{"rendered":"Judicializan caso de hostigamiento sexual cometido por director de Monte de Piedad"},"content":{"rendered":"\n<p>Yuridiana Sosa\/Zona Roja.<\/p>\n\n\n\n<p>Oaxaca de Ju\u00e1rez, Oax., a 16 de diciembre de 2023.- Luego de siete meses de denuncias penales y p\u00fablicas por hostigamiento sexual por parte del director general y director Administrativo del Monte de Piedad contra Magda Liliana Altamirano Calder\u00f3n, ex trabajadora, la autoridad judicializ\u00f3 el caso.<\/p>\n\n\n\n<p>La v\u00edctima del hecho, inform\u00f3 que el caso, asentado en la causa penal 1243\/2023, adem\u00e1s del delito de hostigamiento sexual, tambi\u00e9n contempla los delitos de intimidaci\u00f3n\u00a0 con agravante de amenazas, cohecho y coalici\u00f3n de los servidores p\u00fablicos, Omar J. J., director del Monte de Piedad, y el ex director Administrativo de esa instituci\u00f3n, Jos\u00e9 Manuel N.<\/p>\n\n\n\n<p>La audiencia, dijo, se realizar\u00e1 el pr\u00f3ximo 4 de enero de 2024, por parte del juez de control del circuito judicial de Valles Centrales de Tanivet, Tlacolula a cargo de &nbsp;Jos\u00e9 Antonio Carre\u00f1o Jim\u00e9nez.<\/p>\n\n\n\n<p>La denuncia ante la Fiscal\u00eda General del Estado fue presentada en mayo de este a\u00f1o, y en junio Altamirano Calder\u00f3n dio a conocer el hecho de forma p\u00fablica ante el aumento de amenazas en su contra, principalmente para que retirara las denuncias contra los funcionarios.<\/p>\n\n\n\n<p>En ese entonces dio a conocer que el hostigamiento laboral y sexual comenz\u00f3 luego que, por medio de su cargo como gerente de la sucursal 8 -en la capital-, detect\u00f3 actos de corrupci\u00f3n de una persona a su cargo, de lo cual dio aviso a sus superiores.<br>Pero en vez de que Omar J. J. pusiera orden, opt\u00f3 por organizar actos en su contra en complicidad con Jos\u00e9 Manuel N.<\/p>\n\n\n\n<p>Al darse a conocer el hecho, Jos\u00e9 Manuel N. fue despedido de su puesto tras confirmar que los actos contra la v\u00edctima fueron por \u00f3rdenes del director del Monte de Piedad.<\/p>\n","protected":false},"excerpt":{"rendered":"<p>Yuridiana Sosa\/Zona Roja. Oaxaca de Ju\u00e1rez, Oax., a 16 de diciembre de 2023.- Luego de&hellip;<\/p>\n","protected":false},"author":2,"featured_media":60477,"comment_status":"closed","ping_status":"open","sticky":false,"template":"","format":"standard","meta":{"_lmt_disableupdate":"","_lmt_disable":"","_jetpack_memberships_contains_paid_content":false,"footnotes":""},"categories":[109,46],"tags":[3593],"class_list":["post-63250","post","type-post","status-publish","format-standard","has-post-thumbnail","hentry","category-minuto-a-minuto","category-zona-blanca","tag-magda-liliana-altamirano-calderon"],"jetpack_featured_media_url":"https:\/\/zonaroja.com.mx\/wp-content\/uploads\/2023\/10\/Omar-Julian-Julian-Monte-de-Piedad.jpg","jetpack_sharing_enabled":true,"_links":{"self":[{"href":"https:\/\/zonaroja.com.mx\/index.php?rest_route=\/wp\/v2\/posts\/63250","targetHints":{"allow":["GET"]}}],"collection":[{"href":"https:\/\/zonaroja.com.mx\/index.php?rest_route=\/wp\/v2\/posts"}],"about":[{"href":"https:\/\/zonaroja.com.mx\/index.php?rest_route=\/wp\/v2\/types\/post"}],"author":[{"embeddable":true,"href":"https:\/\/zonaroja.com.mx\/index.php?rest_route=\/wp\/v2\/users\/2"}],"replies":[{"embeddable":true,"href":"https:\/\/zonaroja.com.mx\/index.php?rest_route=%2Fwp%2Fv2%2Fcomments&post=63250"}],"version-history":[{"count":1,"href":"https:\/\/zonaroja.com.mx\/index.php?rest_route=\/wp\/v2\/posts\/63250\/revisions"}],"predecessor-version":[{"id":63251,"href":"https:\/\/zonaroja.com.mx\/index.php?rest_route=\/wp\/v2\/posts\/63250\/revisions\/63251"}],"wp:featuredmedia":[{"embeddable":true,"href":"https:\/\/zonaroja.com.mx\/index.php?rest_route=\/wp\/v2\/media\/60477"}],"wp:attachment":[{"href":"https:\/\/zonaroja.com.mx\/index.php?rest_route=%2Fwp%2Fv2%2Fmedia&parent=63250"}],"wp:term":[{"taxonomy":"category","embeddable":true,"href":"https:\/\/zonaroja.com.mx\/index.php?rest_route=%2Fwp%2Fv2%2Fcategories&post=63250"},{"taxonomy":"post_tag","embeddable":true,"href":"https:\/\/zonaroja.com.mx\/index.php?rest_route=%2Fwp%2Fv2%2Ftags&post=63250"}],"curies":[{"name":"wp","href":"https:\/\/api.w.org\/{rel}","templated":true}]}}