{"id":63255,"date":"2023-12-16T11:00:00","date_gmt":"2023-12-16T17:00:00","guid":{"rendered":"http:\/\/www.zonaroja.com.mx\/?p=63255"},"modified":"2023-12-16T07:04:27","modified_gmt":"2023-12-16T13:04:27","slug":"melones-mexicanos-con-salmonela-matan-a-5-en-canada-y-3-en-eu","status":"publish","type":"post","link":"https:\/\/zonaroja.com.mx\/?p=63255","title":{"rendered":"Melones mexicanos con salmonela matan a 5 en Canad\u00e1 y 3 en EU"},"content":{"rendered":"\n<p>Redacci\u00f3n\/Zona Roja Cdmx.<\/p>\n\n\n\n<p>Ciudad de M\u00e9xico, a 16 de diciembre de 2023.- La Secretar\u00eda de Salud (Ssa) orden\u00f3 ayer el cierre temporal de una planta empacadora de melones, ubicada en Sonora, implicada en infecciones de salmonela que mataron a cinco personas en Canad\u00e1 y tres en Estados Unidos.&nbsp;<\/p>\n\n\n\n<p>La Ssa no dio el nombre de la empresa involucrada; sin embargo, la Agencia de sanidad p\u00fablica de Canad\u00e1 vincul\u00f3 el brote con los melones de las marcas Malichita y Rudy.<\/p>\n\n\n\n<p>Aunque el gobierno de M\u00e9xico no dijo qu\u00e9 violaciones se encontraron en la planta, advirti\u00f3 que se realizaban pruebas para encontrar la fuente de la contaminaci\u00f3n.&nbsp;<\/p>\n\n\n\n<p>Los inspectores tomaron muestras de agua y limpiaron superficies de la planta en busca de rastros de la bacteria.<\/p>\n\n\n\n<p>Desde octubre, al menos 230 personas en Estados Unidos y 129 en Canad\u00e1 se han enfermado con esa bacteria. Los frutos ligados al padecimiento incluyen las marcas Malichita y Rudy que se cultivan en Sonora.&nbsp;<\/p>\n\n\n\n<p>La fruta fue importada por Sofia Produce LLC, de Nogales, Arizona, que opera como TruFresh, y Pacific Trellis Fruit LLC, de Los \u00c1ngeles. Hasta ahora se han retirado del mercado m\u00e1s de 36 mil cajas del producto.<\/p>\n\n\n\n<p>Los funcionarios de salud de esas naciones advierten a los consumidores, minoristas y restaurantes que no compren, coman ni sirvan mel\u00f3n si no conocen la fuente.<\/p>\n\n\n\n<p>(Informaci\u00f3n de la agencia AP en \u201cLa Jornada\u201d)<\/p>\n","protected":false},"excerpt":{"rendered":"<p>Redacci\u00f3n\/Zona Roja Cdmx. Ciudad de M\u00e9xico, a 16 de diciembre de 2023.- La Secretar\u00eda de&hellip;<\/p>\n","protected":false},"author":2,"featured_media":63256,"comment_status":"closed","ping_status":"open","sticky":false,"template":"","format":"standard","meta":{"_lmt_disableupdate":"","_lmt_disable":"","_jetpack_memberships_contains_paid_content":false,"footnotes":""},"categories":[109,47],"tags":[],"class_list":["post-63255","post","type-post","status-publish","format-standard","has-post-thumbnail","hentry","category-minuto-a-minuto","category-zona-gris"],"jetpack_featured_media_url":"https:\/\/zonaroja.com.mx\/wp-content\/uploads\/2023\/12\/Melones-Salmonela-EU-Sonora.jpeg","jetpack_sharing_enabled":true,"_links":{"self":[{"href":"https:\/\/zonaroja.com.mx\/index.php?rest_route=\/wp\/v2\/posts\/63255","targetHints":{"allow":["GET"]}}],"collection":[{"href":"https:\/\/zonaroja.com.mx\/index.php?rest_route=\/wp\/v2\/posts"}],"about":[{"href":"https:\/\/zonaroja.com.mx\/index.php?rest_route=\/wp\/v2\/types\/post"}],"author":[{"embeddable":true,"href":"https:\/\/zonaroja.com.mx\/index.php?rest_route=\/wp\/v2\/users\/2"}],"replies":[{"embeddable":true,"href":"https:\/\/zonaroja.com.mx\/index.php?rest_route=%2Fwp%2Fv2%2Fcomments&post=63255"}],"version-history":[{"count":1,"href":"https:\/\/zonaroja.com.mx\/index.php?rest_route=\/wp\/v2\/posts\/63255\/revisions"}],"predecessor-version":[{"id":63257,"href":"https:\/\/zonaroja.com.mx\/index.php?rest_route=\/wp\/v2\/posts\/63255\/revisions\/63257"}],"wp:featuredmedia":[{"embeddable":true,"href":"https:\/\/zonaroja.com.mx\/index.php?rest_route=\/wp\/v2\/media\/63256"}],"wp:attachment":[{"href":"https:\/\/zonaroja.com.mx\/index.php?rest_route=%2Fwp%2Fv2%2Fmedia&parent=63255"}],"wp:term":[{"taxonomy":"category","embeddable":true,"href":"https:\/\/zonaroja.com.mx\/index.php?rest_route=%2Fwp%2Fv2%2Fcategories&post=63255"},{"taxonomy":"post_tag","embeddable":true,"href":"https:\/\/zonaroja.com.mx\/index.php?rest_route=%2Fwp%2Fv2%2Ftags&post=63255"}],"curies":[{"name":"wp","href":"https:\/\/api.w.org\/{rel}","templated":true}]}}