{"id":63261,"date":"2023-12-16T13:00:00","date_gmt":"2023-12-16T19:00:00","guid":{"rendered":"http:\/\/www.zonaroja.com.mx\/?p=63261"},"modified":"2023-12-16T07:13:19","modified_gmt":"2023-12-16T13:13:19","slug":"oaxaca-con-mas-crecimiento-economico-pero-tambien-con-mas-informalidad","status":"publish","type":"post","link":"https:\/\/zonaroja.com.mx\/?p=63261","title":{"rendered":"Oaxaca, con m\u00e1s crecimiento econ\u00f3mico\u2026 pero tambi\u00e9n con m\u00e1s informalidad"},"content":{"rendered":"\n<p>Yuridiana Sosa\/Zona Roja.<\/p>\n\n\n\n<p>Oaxaca de Ju\u00e1rez, Oax., a 16 de diciembre de 2023.- De acuerdo con la asociaci\u00f3n civil \u201cM\u00e9xico \u00bfC\u00f3mo vamos?\u201d, en su m\u00e1s reciente estudio del Sem\u00e1foro Econ\u00f3mico, Oaxaca present\u00f3 un crecimiento al segundo trimestre de este a\u00f1o, aunque tambi\u00e9n lo hizo en el aspectos negativos como la informalidad.<\/p>\n\n\n\n<p>Con datos de la Encuesta Nacional de Ocupaci\u00f3n y Empleo, la asociaci\u00f3n indic\u00f3 un crecimiento econ\u00f3mico del 13.1 por ciento en el segundo trimestre del 2023; la meta es crecer al 4.5 por ciento anual.<\/p>\n\n\n\n<p>Pero Oaxaca tambi\u00e9n creci\u00f3 en la informalidad este a\u00f1o, al pasar de 74.5 por ciento en el tercer trimestre de 2022 a 75.9 por ciento, en el mismo periodo, con niveles mayores al nivel nacional, que fue de 51.3 por ciento.<\/p>\n\n\n\n<p>Mientras que los empleos formales generados acumulados, fueron de 10 mil 284 a noviembre, cuando la meta era de 31 mil 625, lo que representa una generaci\u00f3n de empleo menor al 75 por ciento.<\/p>\n\n\n\n<p>Otro de los datos negativos que arroj\u00f3 el estudio \u201cSem\u00e1foro econ\u00f3mico\u201d fue sobre la deuda p\u00fablica, que pas\u00f3 de 1.5 por ciento en 2019, al cinco por ciento en 2020; al respecto, \u201cM\u00e9xico \u00bfC\u00f3mo vamos?\u201d indic\u00f3 que la meta es reducir la deuda como porcentaje del Producto Interno Bruto.<\/p>\n\n\n\n<p>La productividad registr\u00f3 niveles por debajo de la media nacional a pesar de un incremento entre el 2022 y el 2023.<\/p>\n\n\n\n<p>Mientras que a nivel nacional el promedio fue de 209.6 pesos, Oaxaca pas\u00f3 de registrar 111 pesos en el segundo trimestres de 2022 a 113 pesos en el mismo periodo de este a\u00f1o.<\/p>\n\n\n\n<p>Por otra parte, en Oaxaca la desigualdad en el ingreso laboral es mayor al del nivel nacional, de 0.375. En el segundo trimestre de 2021 fue de 0.435 y en mismo periodo de 2022 fue de 0.431.<\/p>\n\n\n\n<p>El dato positivo fue para la pobreza laboral, que se redujo entre el 2022 y el 2023, aunque a\u00fan se encuentra por arriba de la media nacional.<\/p>\n\n\n\n<p>En el tercer trimestres de 2022 fue de 62.5 por ciento y pas\u00f3 a 58.8 por ciento en el mismo periodo; la meta es reducir el &nbsp;porcentaje de la poblaci\u00f3n que no puede adquirir canasta alimentaria con su ingreso laboral<\/p>\n\n\n\n<p>En tanto que la ocupaci\u00f3n del gobierno se redujo, pas\u00f3 de 4.3 por ciento a 3.4 por ciento en el primer trimestre de 2020 al mismo periodo de 2021, manteniendo niveles similares al nacional, que es de 4.2 por ciento.<\/p>\n","protected":false},"excerpt":{"rendered":"<p>Yuridiana Sosa\/Zona Roja. Oaxaca de Ju\u00e1rez, Oax., a 16 de diciembre de 2023.- De acuerdo&hellip;<\/p>\n","protected":false},"author":2,"featured_media":63262,"comment_status":"closed","ping_status":"open","sticky":false,"template":"","format":"standard","meta":{"_lmt_disableupdate":"","_lmt_disable":"","_jetpack_memberships_contains_paid_content":false,"footnotes":""},"categories":[109,46],"tags":[1632],"class_list":["post-63261","post","type-post","status-publish","format-standard","has-post-thumbnail","hentry","category-minuto-a-minuto","category-zona-blanca","tag-mexico-como-vamos-2"],"jetpack_featured_media_url":"https:\/\/zonaroja.com.mx\/wp-content\/uploads\/2023\/12\/Crecimiento-economico.jpeg","jetpack_sharing_enabled":true,"_links":{"self":[{"href":"https:\/\/zonaroja.com.mx\/index.php?rest_route=\/wp\/v2\/posts\/63261","targetHints":{"allow":["GET"]}}],"collection":[{"href":"https:\/\/zonaroja.com.mx\/index.php?rest_route=\/wp\/v2\/posts"}],"about":[{"href":"https:\/\/zonaroja.com.mx\/index.php?rest_route=\/wp\/v2\/types\/post"}],"author":[{"embeddable":true,"href":"https:\/\/zonaroja.com.mx\/index.php?rest_route=\/wp\/v2\/users\/2"}],"replies":[{"embeddable":true,"href":"https:\/\/zonaroja.com.mx\/index.php?rest_route=%2Fwp%2Fv2%2Fcomments&post=63261"}],"version-history":[{"count":1,"href":"https:\/\/zonaroja.com.mx\/index.php?rest_route=\/wp\/v2\/posts\/63261\/revisions"}],"predecessor-version":[{"id":63263,"href":"https:\/\/zonaroja.com.mx\/index.php?rest_route=\/wp\/v2\/posts\/63261\/revisions\/63263"}],"wp:featuredmedia":[{"embeddable":true,"href":"https:\/\/zonaroja.com.mx\/index.php?rest_route=\/wp\/v2\/media\/63262"}],"wp:attachment":[{"href":"https:\/\/zonaroja.com.mx\/index.php?rest_route=%2Fwp%2Fv2%2Fmedia&parent=63261"}],"wp:term":[{"taxonomy":"category","embeddable":true,"href":"https:\/\/zonaroja.com.mx\/index.php?rest_route=%2Fwp%2Fv2%2Fcategories&post=63261"},{"taxonomy":"post_tag","embeddable":true,"href":"https:\/\/zonaroja.com.mx\/index.php?rest_route=%2Fwp%2Fv2%2Ftags&post=63261"}],"curies":[{"name":"wp","href":"https:\/\/api.w.org\/{rel}","templated":true}]}}