{"id":63270,"date":"2023-12-17T13:00:00","date_gmt":"2023-12-17T19:00:00","guid":{"rendered":"http:\/\/www.zonaroja.com.mx\/?p=63270"},"modified":"2023-12-16T22:28:10","modified_gmt":"2023-12-17T04:28:10","slug":"asesinan-a-otro-periodista-en-gaza-suman-14-en-esa-ciudad","status":"publish","type":"post","link":"https:\/\/zonaroja.com.mx\/?p=63270","title":{"rendered":"Asesinan a otro periodista en Gaza; suman 14 en esa ciudad"},"content":{"rendered":"\n<p>Redacci\u00f3n\/Zona Roja Cdmx.<\/p>\n\n\n\n<p>Ciudad de M\u00e9xico, a 17 de diciembre de 2023.- Un camar\u00f3grafo de \u201cAl Jazeera\u201d falleci\u00f3 este viernes tras resultar gravemente herido en un ataque israel\u00ed contra la ciudad de Jan Yunis, en el sur de la Franja de Gaza, comunic\u00f3 el medio este viernes. <\/p>\n\n\n\n<p>Se se\u00f1ala que debido a los intensos bombardeos israel\u00edes, Samer Abu Daqqa, quien era padre de cuatro hijos, estuvo desangr\u00e1ndose durante horas antes de que el personal m\u00e9dico pudiera llegar hasta \u00e9l.<\/p>\n\n\n\n<p>Adem\u00e1s, Wael Dahdouh, corresponsal de \u201cAl Jazeera\u201d que estaba con Daqqa, tambi\u00e9n result\u00f3 herido, pero fue evacuado finalmente a un hospital.<\/p>\n\n\n\n<p>ALTO COSTO<\/p>\n\n\n\n<p>En Gaza, \u00ablos periodistas est\u00e1n pagando un alto coste entre la poblaci\u00f3n civil. Constatamos que el n\u00famero de periodistas asesinados en el ejercicio de su labor es muy elevado: 13 en un territorio min\u00fasculo\u00bb, se\u00f1al\u00f3 la v\u00edspera el secretario general de RSF, Christophe Deloire.<\/p>\n\n\n\n<p>\u00abHemos presentado una denuncia ante la Corte Penal Internacional (CPI) para establecer la realidad de los hechos y hasta qu\u00e9 punto los periodistas han sido objetivos deliberados\u00bb, indic\u00f3.<\/p>\n\n\n\n<p>RSF destac\u00f3 que este a\u00f1o han sido asesinados 23 periodistas en el ejercicio de su profesi\u00f3n en conflictos y que es la primera vez en cinco a\u00f1os que han muerto m\u00e1s periodistas en guerras que en zonas de paz.<\/p>\n\n\n\n<p>\u00abLa gran mayor\u00eda, 17, lo fueron en el transcurso de la guerra entre Israel y Ham\u00e1s\u00bb, de los cuales, 13 murieron en Gaza\u00bb, se\u00f1al\u00f3 el informe.<\/p>\n\n\n\n<p>El conflicto en Ucrania cobr\u00f3 la vida de dos periodistas en 2023, con lo que el total de periodistas muertos desde la invasi\u00f3n rusa de febrero de 2022 subi\u00f3 a 11.<\/p>\n\n\n\n<p>La organizaci\u00f3n destac\u00f3 que las causas de la disminuci\u00f3n del total de muertos son m\u00faltiples y \u00abdiscutibles\u00bb.<\/p>\n\n\n\n<p>\u00ab\u00bfEl trabajo de las organizaciones intergubernamentales, de las ONG y de los propios medios de comunicaci\u00f3n\u00bb o \u00abmayor prudencia?\u00bb, plant\u00f3 RSF en el informe.<\/p>\n\n\n\n<p>El recuento \u00abno incluye a los periodistas asesinados fuera del ejercicio de sus funciones, a los que no fueron asesinados ni a aquellos cuya muerte sigue siendo desconocida\u00bb, aclar\u00f3 RSF.<\/p>\n\n\n\n<p>(Informaci\u00f3n de agencias en RT Actualidad y \u201cMilenio\u201d)<\/p>\n","protected":false},"excerpt":{"rendered":"<p>Redacci\u00f3n\/Zona Roja Cdmx. Ciudad de M\u00e9xico, a 17 de diciembre de 2023.- Un camar\u00f3grafo de&hellip;<\/p>\n","protected":false},"author":2,"featured_media":60953,"comment_status":"closed","ping_status":"open","sticky":false,"template":"","format":"standard","meta":{"_lmt_disableupdate":"","_lmt_disable":"","_jetpack_memberships_contains_paid_content":false,"footnotes":""},"categories":[109,51],"tags":[3758],"class_list":["post-63270","post","type-post","status-publish","format-standard","has-post-thumbnail","hentry","category-minuto-a-minuto","category-zona-roja","tag-asesinato-de-periodistas"],"jetpack_featured_media_url":"https:\/\/zonaroja.com.mx\/wp-content\/uploads\/2023\/10\/Periodistas-asesinados-Israel-Gaza.jpeg","jetpack_sharing_enabled":true,"_links":{"self":[{"href":"https:\/\/zonaroja.com.mx\/index.php?rest_route=\/wp\/v2\/posts\/63270","targetHints":{"allow":["GET"]}}],"collection":[{"href":"https:\/\/zonaroja.com.mx\/index.php?rest_route=\/wp\/v2\/posts"}],"about":[{"href":"https:\/\/zonaroja.com.mx\/index.php?rest_route=\/wp\/v2\/types\/post"}],"author":[{"embeddable":true,"href":"https:\/\/zonaroja.com.mx\/index.php?rest_route=\/wp\/v2\/users\/2"}],"replies":[{"embeddable":true,"href":"https:\/\/zonaroja.com.mx\/index.php?rest_route=%2Fwp%2Fv2%2Fcomments&post=63270"}],"version-history":[{"count":2,"href":"https:\/\/zonaroja.com.mx\/index.php?rest_route=\/wp\/v2\/posts\/63270\/revisions"}],"predecessor-version":[{"id":63282,"href":"https:\/\/zonaroja.com.mx\/index.php?rest_route=\/wp\/v2\/posts\/63270\/revisions\/63282"}],"wp:featuredmedia":[{"embeddable":true,"href":"https:\/\/zonaroja.com.mx\/index.php?rest_route=\/wp\/v2\/media\/60953"}],"wp:attachment":[{"href":"https:\/\/zonaroja.com.mx\/index.php?rest_route=%2Fwp%2Fv2%2Fmedia&parent=63270"}],"wp:term":[{"taxonomy":"category","embeddable":true,"href":"https:\/\/zonaroja.com.mx\/index.php?rest_route=%2Fwp%2Fv2%2Fcategories&post=63270"},{"taxonomy":"post_tag","embeddable":true,"href":"https:\/\/zonaroja.com.mx\/index.php?rest_route=%2Fwp%2Fv2%2Ftags&post=63270"}],"curies":[{"name":"wp","href":"https:\/\/api.w.org\/{rel}","templated":true}]}}