{"id":63278,"date":"2023-12-16T15:10:08","date_gmt":"2023-12-16T21:10:08","guid":{"rendered":"http:\/\/www.zonaroja.com.mx\/?p=63278"},"modified":"2023-12-16T15:10:10","modified_gmt":"2023-12-16T21:10:10","slug":"indaga-fiscalia-homicidio-en-san-antonio-de-la-cal-donde-crecen-delitos","status":"publish","type":"post","link":"https:\/\/zonaroja.com.mx\/?p=63278","title":{"rendered":"Indaga Fiscal\u00eda homicidio en San Antonio de la Cal, donde crecen delitos"},"content":{"rendered":"\n<p>Raymundo Morales\/Zona Roja.<\/p>\n\n\n\n<p>Oaxaca de Ju\u00e1rez, Oax., a 16 de diciembre de 2023.-&nbsp;Ante la nula vigilancia por parte de polic\u00edas municipales, un individuo fue asesinado a cuchilladas en San Antonio de la Cal, municipio conturbado a la ciudad de Oaxaca, y la autoridad local no tiene ni reportes ni detenidos por este caso.<\/p>\n\n\n\n<p>Los hechos ocurrieron la ma\u00f1ana de este s\u00e1bado, en que localizaron el cuerpo sin vida en un camino de terracer\u00eda que une a dicho municipio con el fraccionamiento El Rosario, de San Sebasti\u00e1n Tutla.<\/p>\n\n\n\n<p>De acuerdo con un comunicado de la Fiscal\u00eda General del Estado, se observaron lesiones en diferentes partes del cuerpo, las cuales aparentemente fueron infligidas con un arma punzocortante, por lo que trasladaron a la v\u00edctima para realizar los estudios forenses necesarios para integrar los resultados a las investigaciones al respecto.<\/p>\n\n\n\n<p>Indic\u00f3 que un equipo multidisciplinario de la instituci\u00f3n se encarg\u00f3 de realizar las primeras investigaciones en torno al homicidio de una persona del sexo masculino.<\/p>\n\n\n\n<p>\u201cLuego de recibir el reporte policial, la Fiscal\u00eda de Oaxaca dio parte a la Fiscal\u00eda Especializada para la Atenci\u00f3n a Delitos de Alto Impacto, \u00e1rea que encabeza los trabajos ministeriales en coordinaci\u00f3n con el Instituto de Servicios Periciales, por lo que se inici\u00f3 una carpeta de investigaci\u00f3n por el delito de Homicidio\u201d, detall\u00f3.<\/p>\n\n\n\n<p>De acuerdo con los propios habitantes, en la gesti\u00f3n del edil Porfirio Santos, simpatizante del Partido Morena, se han incrementado los delitos en dicha comunidad y pese a lo cual no hay acciones para frenar los delitos.<\/p>\n","protected":false},"excerpt":{"rendered":"<p>Raymundo Morales\/Zona Roja. Oaxaca de Ju\u00e1rez, Oax., a 16 de diciembre de 2023.-&nbsp;Ante la nula&hellip;<\/p>\n","protected":false},"author":2,"featured_media":63276,"comment_status":"closed","ping_status":"open","sticky":false,"template":"","format":"standard","meta":{"_lmt_disableupdate":"","_lmt_disable":"","_jetpack_memberships_contains_paid_content":false,"footnotes":""},"categories":[109,51],"tags":[875],"class_list":["post-63278","post","type-post","status-publish","format-standard","has-post-thumbnail","hentry","category-minuto-a-minuto","category-zona-roja","tag-san-antonio-de-la-cal"],"jetpack_featured_media_url":"https:\/\/zonaroja.com.mx\/wp-content\/uploads\/2023\/12\/Asesinato-San-Antonio-de-la-Cal.jpg","jetpack_sharing_enabled":true,"_links":{"self":[{"href":"https:\/\/zonaroja.com.mx\/index.php?rest_route=\/wp\/v2\/posts\/63278","targetHints":{"allow":["GET"]}}],"collection":[{"href":"https:\/\/zonaroja.com.mx\/index.php?rest_route=\/wp\/v2\/posts"}],"about":[{"href":"https:\/\/zonaroja.com.mx\/index.php?rest_route=\/wp\/v2\/types\/post"}],"author":[{"embeddable":true,"href":"https:\/\/zonaroja.com.mx\/index.php?rest_route=\/wp\/v2\/users\/2"}],"replies":[{"embeddable":true,"href":"https:\/\/zonaroja.com.mx\/index.php?rest_route=%2Fwp%2Fv2%2Fcomments&post=63278"}],"version-history":[{"count":1,"href":"https:\/\/zonaroja.com.mx\/index.php?rest_route=\/wp\/v2\/posts\/63278\/revisions"}],"predecessor-version":[{"id":63279,"href":"https:\/\/zonaroja.com.mx\/index.php?rest_route=\/wp\/v2\/posts\/63278\/revisions\/63279"}],"wp:featuredmedia":[{"embeddable":true,"href":"https:\/\/zonaroja.com.mx\/index.php?rest_route=\/wp\/v2\/media\/63276"}],"wp:attachment":[{"href":"https:\/\/zonaroja.com.mx\/index.php?rest_route=%2Fwp%2Fv2%2Fmedia&parent=63278"}],"wp:term":[{"taxonomy":"category","embeddable":true,"href":"https:\/\/zonaroja.com.mx\/index.php?rest_route=%2Fwp%2Fv2%2Fcategories&post=63278"},{"taxonomy":"post_tag","embeddable":true,"href":"https:\/\/zonaroja.com.mx\/index.php?rest_route=%2Fwp%2Fv2%2Ftags&post=63278"}],"curies":[{"name":"wp","href":"https:\/\/api.w.org\/{rel}","templated":true}]}}