{"id":6328,"date":"2019-12-04T09:04:05","date_gmt":"2019-12-04T15:04:05","guid":{"rendered":"http:\/\/www.zonaroja.com.mx\/?p=6328"},"modified":"2019-12-04T09:04:08","modified_gmt":"2019-12-04T15:04:08","slug":"en-estados-unidos-de-norteamerica-las-pruebas-del-caso-lebaron","status":"publish","type":"post","link":"https:\/\/zonaroja.com.mx\/?p=6328","title":{"rendered":"En Estados Unidos de Norteamerica, las pruebas del caso LeBar\u00f3n"},"content":{"rendered":"\n<p>Redacci\u00f3n\/Zona Roja Cdmx.<\/p>\n\n\n\n<p>Ciudad de M\u00e9xico, 4 de diciembre de\n2019.- El Bur\u00f3 Federal de Investigaciones (FBI) recolect\u00f3 evidencia de la\nmasacre en Bavispe, Sonora, contra integrantes de las familias LeBar\u00f3n y\nLangford, para acompa\u00f1ar la investigaci\u00f3n de la Fiscal\u00eda General de la\nRep\u00fablica.<\/p>\n\n\n\n<p>\u201cEl FBI est\u00e1 colaborando con much\u00edsimo,\nentraron dos veces a Bavispe y recogieron much\u00edsimas de las pruebas. Hay una\ncolaboraci\u00f3n estrecha, incluso, el canciller nos confirm\u00f3\u201d, revel\u00f3 el activista\nJuli\u00e1n en el Senado de la Rep\u00fablica.<\/p>\n\n\n\n<p>Llam\u00f3 a todos los grupos parlamentarios\na hacer a un lado las posiciones pol\u00edticas y partidistas para trabajar en\ngarantizar la vida de las personas.<\/p>\n\n\n\n<p>\u201cPor favor dejemos las diferencias y\nlos partidos a un lado y vamos a unirnos para ver c\u00f3mo vamos a hacer que se\nrespete la vida\u201d, solicit\u00f3.<\/p>\n\n\n\n<p>Por su parte, Adri\u00e1n Le Bar\u00f3n recrimin\u00f3\na los senadores no hacer lo suficiente para contribuir a mejorar las condiciones\nde seguridad.<\/p>\n\n\n\n<p>\u201cUstedes deben de ayudarnos, por favor,\nsu trabajo no es hacer leyecitas y a ver qui\u00e9n chingados las cumple, no.\nCualquier crimen que se cometa en M\u00e9xico debe recibir el mismo tipo de atenci\u00f3n\ny movilizaci\u00f3n, que el que estamos recibiendo las familias Miller, Johnson, Le\nBar\u00f3n. La justicia no puede ser selectiva ni de capricho\u201d, expuso.<\/p>\n","protected":false},"excerpt":{"rendered":"<p>Redacci\u00f3n\/Zona Roja Cdmx. Ciudad de M\u00e9xico, 4 de diciembre de 2019.- El Bur\u00f3 Federal de&hellip;<\/p>\n","protected":false},"author":2,"featured_media":6329,"comment_status":"closed","ping_status":"open","sticky":false,"template":"","format":"standard","meta":{"_lmt_disableupdate":"","_lmt_disable":"","_jetpack_memberships_contains_paid_content":false,"footnotes":""},"categories":[109,51],"tags":[986],"class_list":["post-6328","post","type-post","status-publish","format-standard","has-post-thumbnail","hentry","category-minuto-a-minuto","category-zona-roja","tag-sonora"],"jetpack_featured_media_url":"https:\/\/zonaroja.com.mx\/wp-content\/uploads\/2019\/12\/LeBar\u00f3nx.jpg","jetpack_sharing_enabled":true,"_links":{"self":[{"href":"https:\/\/zonaroja.com.mx\/index.php?rest_route=\/wp\/v2\/posts\/6328","targetHints":{"allow":["GET"]}}],"collection":[{"href":"https:\/\/zonaroja.com.mx\/index.php?rest_route=\/wp\/v2\/posts"}],"about":[{"href":"https:\/\/zonaroja.com.mx\/index.php?rest_route=\/wp\/v2\/types\/post"}],"author":[{"embeddable":true,"href":"https:\/\/zonaroja.com.mx\/index.php?rest_route=\/wp\/v2\/users\/2"}],"replies":[{"embeddable":true,"href":"https:\/\/zonaroja.com.mx\/index.php?rest_route=%2Fwp%2Fv2%2Fcomments&post=6328"}],"version-history":[{"count":1,"href":"https:\/\/zonaroja.com.mx\/index.php?rest_route=\/wp\/v2\/posts\/6328\/revisions"}],"predecessor-version":[{"id":6330,"href":"https:\/\/zonaroja.com.mx\/index.php?rest_route=\/wp\/v2\/posts\/6328\/revisions\/6330"}],"wp:featuredmedia":[{"embeddable":true,"href":"https:\/\/zonaroja.com.mx\/index.php?rest_route=\/wp\/v2\/media\/6329"}],"wp:attachment":[{"href":"https:\/\/zonaroja.com.mx\/index.php?rest_route=%2Fwp%2Fv2%2Fmedia&parent=6328"}],"wp:term":[{"taxonomy":"category","embeddable":true,"href":"https:\/\/zonaroja.com.mx\/index.php?rest_route=%2Fwp%2Fv2%2Fcategories&post=6328"},{"taxonomy":"post_tag","embeddable":true,"href":"https:\/\/zonaroja.com.mx\/index.php?rest_route=%2Fwp%2Fv2%2Ftags&post=6328"}],"curies":[{"name":"wp","href":"https:\/\/api.w.org\/{rel}","templated":true}]}}