{"id":63280,"date":"2023-12-16T17:10:00","date_gmt":"2023-12-16T23:10:00","guid":{"rendered":"http:\/\/www.zonaroja.com.mx\/?p=63280"},"modified":"2023-12-16T15:12:52","modified_gmt":"2023-12-16T21:12:52","slug":"periodista-oaxaquena-denuncia-uso-indebido-de-su-imagen-en-propaganda-de-ulises-ruiz-y-xochitl-galvez","status":"publish","type":"post","link":"https:\/\/zonaroja.com.mx\/?p=63280","title":{"rendered":"Periodista oaxaque\u00f1a denuncia uso indebido de su imagen en propaganda de \u00a0Ulises Ruiz y X\u00f3chitl Galvez\u00a0"},"content":{"rendered":"\n<p>Yuridiana Sosa\/Zona Roja.<\/p>\n\n\n\n<p>Oaxaca de Ju\u00e1rez, Oax., a 16 de diciembre de 2023.- La periodista oaxaque\u00f1a Carina Garc\u00eda denunci\u00f3 p\u00fablicamente que Ulises Ruiz Ortiz y X\u00f3chitl G\u00e1lvez mutilaron un video cultural, ocupando el fragmento en el que aparece para fines pol\u00edticos y sin su consentimiento, por lo que exigi\u00f3 ser eliminada de su propaganda.<\/p>\n\n\n\n<p>Los aspirantes a la presidencia de M\u00e9xico utilizaron el v\u00eddeo \u201cD\u00eda de Muertos\u201d de Cinematic Short Film &#8211; que aparece en la plataforma You Tube- y extrajeron la imagen donde la reportera aparece como una ciudadana oriunda de la entidad, en la que expresa la arraigada tradici\u00f3n la comunidad oaxaque\u00f1a, mientras sostiene un pan de muerto tradicional de Mitla.<\/p>\n\n\n\n<p>La experimentada periodista manifest\u00f3 en su red social X, antes Twitter, su inconformidad ante el hecho, por el que exigi\u00f3 a los pol\u00edticos que eliminen de sus propagandas su imagen.<\/p>\n\n\n\n<p>\u201c\u00a1No tienen tantita verg\u00fcenza!\u201d Tanto Ulises Ruiz como X\u00f3chitl G\u00e1lvez utilizan la misma imagen en sus spots. El video lo mutilaron y ahora lo utilizan para fines pol\u00edticos, cuando fue grabado para fines culturales. \u00a1Gandallas!\u201d, public\u00f3.<\/p>\n\n\n\n<p>Carina Garc\u00eda, de amplia trayectoria en medios de comunicaci\u00f3n en la capital del estado, expres\u00f3: \u201cEstoy encabronada \u00a1Gandallas! No simpatizo con sus partidos y mucho menos con su ideolog\u00eda. Y aunque pareciera exagerado para muchos, si afectan mi labor reporteril. Exijo que retiren mi imagen de sus videos\u201d.<\/p>\n\n\n\n<p>En sus mensajes de redes fue contundente: \u201cNo soy simpatizante de ninguno de ellos, soy apartidista y periodista. No me interesa ser parte de sus campa\u00f1as. Les exijo que bajen mi imagen\u201d.<\/p>\n\n\n\n<p>OTRAS DENUNCIAS<\/p>\n\n\n\n<p>La periodista oaxaque\u00f1a&nbsp;Carina&nbsp;Garc\u00eda tambi\u00e9n ha sido v\u00edctima de otros actos de hostigamiento y amenazas por ejercer su labor.<\/p>\n\n\n\n<p>En abril de este a\u00f1o denunci\u00f3 al asesor pol\u00edtico del ayuntamiento de Villa de Mitla, Doroteo&nbsp;Garc\u00eda, alias \u201cEl Morro\u201d, por emprender una campa\u00f1a de odio en su contra por ejercer su labor, lo que represent\u00f3 un riesgo su integridad y la de su familia.<\/p>\n\n\n\n<p>Mientras que en marzo de 2022 la reportera de \u201cEl Heraldo Oaxaca\u201d y \u201cPrimera L\u00ednea\u201d tambi\u00e9n interpuso una denuncia contra Doroteo&nbsp;Garc\u00eda&nbsp;ante la Fiscal\u00eda de Oaxaca por violentar sus derechos y coartar la libertad de expresi\u00f3n.<\/p>\n\n\n\n<p>En esa fecha, el agresor &nbsp;incit\u00f3 al odio contra la periodista durante la jornada de elecciones extraordinarias de San Pablo Villa de Mitla.<\/p>\n","protected":false},"excerpt":{"rendered":"<p>Yuridiana Sosa\/Zona Roja. Oaxaca de Ju\u00e1rez, Oax., a 16 de diciembre de 2023.- La periodista&hellip;<\/p>\n","protected":false},"author":2,"featured_media":63277,"comment_status":"closed","ping_status":"open","sticky":false,"template":"","format":"standard","meta":{"_lmt_disableupdate":"","_lmt_disable":"","_jetpack_memberships_contains_paid_content":false,"footnotes":""},"categories":[109,47],"tags":[3524],"class_list":["post-63280","post","type-post","status-publish","format-standard","has-post-thumbnail","hentry","category-minuto-a-minuto","category-zona-gris","tag-carina-garcia-periodista"],"jetpack_featured_media_url":"https:\/\/zonaroja.com.mx\/wp-content\/uploads\/2023\/12\/Caso-Carina-Garcia-Ulises-Ruiz-Xochitl-Galvez.jpg","jetpack_sharing_enabled":true,"_links":{"self":[{"href":"https:\/\/zonaroja.com.mx\/index.php?rest_route=\/wp\/v2\/posts\/63280","targetHints":{"allow":["GET"]}}],"collection":[{"href":"https:\/\/zonaroja.com.mx\/index.php?rest_route=\/wp\/v2\/posts"}],"about":[{"href":"https:\/\/zonaroja.com.mx\/index.php?rest_route=\/wp\/v2\/types\/post"}],"author":[{"embeddable":true,"href":"https:\/\/zonaroja.com.mx\/index.php?rest_route=\/wp\/v2\/users\/2"}],"replies":[{"embeddable":true,"href":"https:\/\/zonaroja.com.mx\/index.php?rest_route=%2Fwp%2Fv2%2Fcomments&post=63280"}],"version-history":[{"count":1,"href":"https:\/\/zonaroja.com.mx\/index.php?rest_route=\/wp\/v2\/posts\/63280\/revisions"}],"predecessor-version":[{"id":63281,"href":"https:\/\/zonaroja.com.mx\/index.php?rest_route=\/wp\/v2\/posts\/63280\/revisions\/63281"}],"wp:featuredmedia":[{"embeddable":true,"href":"https:\/\/zonaroja.com.mx\/index.php?rest_route=\/wp\/v2\/media\/63277"}],"wp:attachment":[{"href":"https:\/\/zonaroja.com.mx\/index.php?rest_route=%2Fwp%2Fv2%2Fmedia&parent=63280"}],"wp:term":[{"taxonomy":"category","embeddable":true,"href":"https:\/\/zonaroja.com.mx\/index.php?rest_route=%2Fwp%2Fv2%2Fcategories&post=63280"},{"taxonomy":"post_tag","embeddable":true,"href":"https:\/\/zonaroja.com.mx\/index.php?rest_route=%2Fwp%2Fv2%2Ftags&post=63280"}],"curies":[{"name":"wp","href":"https:\/\/api.w.org\/{rel}","templated":true}]}}