{"id":63283,"date":"2023-12-17T07:51:00","date_gmt":"2023-12-17T13:51:00","guid":{"rendered":"http:\/\/www.zonaroja.com.mx\/?p=63283"},"modified":"2023-12-17T08:11:35","modified_gmt":"2023-12-17T14:11:35","slug":"estela-de-terror-7-asesinados-en-zacatecas-4-en-zacatecas-4-en-guerrero","status":"publish","type":"post","link":"https:\/\/zonaroja.com.mx\/?p=63283","title":{"rendered":"Estela de terror: 7 asesinados en Zacatecas, 4 en Guanajuato, 4 en Guerrero\u2026"},"content":{"rendered":"\n<p>Redacci\u00f3n\/Zona Roja Cdmx.<\/p>\n\n\n\n<p>Ciudad de M\u00e9xico, a 17 de diciembre de 2023.- En la madrugada del s\u00e1bado, en San Crist\u00f3bal de las Casas, asesinaron al director de la radio ind\u00edgena cristiana Radio \u201cMaranatha\u201d, Mateo Gonz\u00e1lez Jim\u00e9nez y a su esposa, Roc\u00edo L\u00f3pez P\u00e9rez.&nbsp;<\/p>\n\n\n\n<p>La Fiscal\u00eda General del Estado (FGE) inform\u00f3 que, en las primeras horas del 16 de diciembre, la Polic\u00eda Municipal de San Crist\u00f3bal notific\u00f3 la muerte de dos personas, report\u00f3 \u201cMilenio Digital\u201d.<\/p>\n\n\n\n<p>Por ello, agentes de la Polic\u00eda de Investigaci\u00f3n y Servicios Periciales de la Fiscal\u00eda se trasladaron al lugar de los hechos, ubicado en la Calle Tapachula, colonia Lomas de Chiapas, en la ciudad de los Altos.<\/p>\n\n\n\n<p>Dentro de la vivienda, encontraron el cuerpo&nbsp;de Roc\u00edo \u00abN\u00bb, de 25 a\u00f1os y originaria de Veracruz, as\u00ed como el de de Mateo \u00abN\u00bb, de 49 a\u00f1os y originario de San Juan Chamula. Ambos presentaban heridas aparentemente causadas por arma de fuego.<\/p>\n\n\n\n<p>EN ZACATECAS<\/p>\n\n\n\n<p>Siete personas fueron asesinadas, entre ellas un polic\u00eda estatal comisionado en la corporaci\u00f3n municipal de Calera, Zacatecas, y dos m\u00e1s resultaron heridos, en distintas agresiones presuntamente del crimen organizado.&nbsp;<\/p>\n\n\n\n<p>Asimismo, en Jerez, cinco hombres fueron secuestrados por un comando que los sac\u00f3 por la fuerza de un domicilio, seg\u00fan informaci\u00f3n del diario \u201cLa Jornada\u201d.<\/p>\n\n\n\n<p>Eriubardo P\u00e9rez Vidal, director de la polic\u00eda municipal de Calera, fue herido, igual que otro hombre, mientras uno de sus escoltas muri\u00f3, tras ser atacados por presuntos sicarios, cuando se cortaban el pelo en un negocio de la localidad. Tres personas m\u00e1s que se encontraban en el lugar tambi\u00e9n perdieron la vida, inform\u00f3 la Secretar\u00eda de Seguridad P\u00fablica del Estado.<\/p>\n\n\n\n<p>Despu\u00e9s, autoridades confirmaron el hallazgo de tres personas m\u00e1s asesinadas, cuyos cuerpos fueron cercenados y abandonados en bolsas de pl\u00e1stico negras, en dos distintos puntos de la carretera federal 23, entre las cabeceras municipales de Jerez y Tepetongo.<\/p>\n\n\n\n<p>EN GUERRERO<\/p>\n\n\n\n<p>Los cuerpos desmembrados de cuatro personas fueron localizados en el municipio de Iguala, en Guerrero, de acuerdo con informaci\u00f3n de L\u00f3pez-D\u00f3riga Digital.<\/p>\n\n\n\n<p>Medios locales detallaron que los cuerpos desmembrados fueron localizados en el crucero del poblado de Santa Teresa.<\/p>\n\n\n\n<p>El hallazgo se report\u00f3 a las 05:00 h de este s\u00e1bado, donde autoridades detallaron que los restos humanos fueron encontrados en ocho bolsas negras de pl\u00e1stico negras.<\/p>\n\n\n\n<p>EN GUANAJUATO<\/p>\n\n\n\n<p>Mientras que en Guanajuato, de acuerdo con informaci\u00f3n dada a conocer por \u201cEl Universal\u201d, fueron ejecutadas cuatro personas.<\/p>\n\n\n\n<p>Dos cuerpos fueron hallados en la calle y dos m\u00e1s en el interior de un domicilio, en una barber\u00eda a unos metros del mercado \u201cTomasa Est\u00e9vez\u201d, de la ciudad de Salamanca.<\/p>\n\n\n\n<p>Fue aproximadamente a las 20:20 horas de ayer en que un grupo de motociclistas ingres\u00f3 al establecimiento y accion\u00f3 armas de fuego en contra de quienes se encontraban en el establecimiento.<\/p>\n","protected":false},"excerpt":{"rendered":"<p>Redacci\u00f3n\/Zona Roja Cdmx. Ciudad de M\u00e9xico, a 17 de diciembre de 2023.- En la madrugada&hellip;<\/p>\n","protected":false},"author":2,"featured_media":47611,"comment_status":"closed","ping_status":"open","sticky":false,"template":"","format":"standard","meta":{"_lmt_disableupdate":"","_lmt_disable":"","_jetpack_memberships_contains_paid_content":false,"footnotes":""},"categories":[109,51],"tags":[1746],"class_list":["post-63283","post","type-post","status-publish","format-standard","has-post-thumbnail","hentry","category-minuto-a-minuto","category-zona-roja","tag-violencia-en-mexico"],"jetpack_featured_media_url":"https:\/\/zonaroja.com.mx\/wp-content\/uploads\/2022\/11\/Escena-policia-crimen-violencia.jpeg","jetpack_sharing_enabled":true,"_links":{"self":[{"href":"https:\/\/zonaroja.com.mx\/index.php?rest_route=\/wp\/v2\/posts\/63283","targetHints":{"allow":["GET"]}}],"collection":[{"href":"https:\/\/zonaroja.com.mx\/index.php?rest_route=\/wp\/v2\/posts"}],"about":[{"href":"https:\/\/zonaroja.com.mx\/index.php?rest_route=\/wp\/v2\/types\/post"}],"author":[{"embeddable":true,"href":"https:\/\/zonaroja.com.mx\/index.php?rest_route=\/wp\/v2\/users\/2"}],"replies":[{"embeddable":true,"href":"https:\/\/zonaroja.com.mx\/index.php?rest_route=%2Fwp%2Fv2%2Fcomments&post=63283"}],"version-history":[{"count":2,"href":"https:\/\/zonaroja.com.mx\/index.php?rest_route=\/wp\/v2\/posts\/63283\/revisions"}],"predecessor-version":[{"id":63304,"href":"https:\/\/zonaroja.com.mx\/index.php?rest_route=\/wp\/v2\/posts\/63283\/revisions\/63304"}],"wp:featuredmedia":[{"embeddable":true,"href":"https:\/\/zonaroja.com.mx\/index.php?rest_route=\/wp\/v2\/media\/47611"}],"wp:attachment":[{"href":"https:\/\/zonaroja.com.mx\/index.php?rest_route=%2Fwp%2Fv2%2Fmedia&parent=63283"}],"wp:term":[{"taxonomy":"category","embeddable":true,"href":"https:\/\/zonaroja.com.mx\/index.php?rest_route=%2Fwp%2Fv2%2Fcategories&post=63283"},{"taxonomy":"post_tag","embeddable":true,"href":"https:\/\/zonaroja.com.mx\/index.php?rest_route=%2Fwp%2Fv2%2Ftags&post=63283"}],"curies":[{"name":"wp","href":"https:\/\/api.w.org\/{rel}","templated":true}]}}