{"id":63285,"date":"2023-12-17T08:52:00","date_gmt":"2023-12-17T14:52:00","guid":{"rendered":"http:\/\/www.zonaroja.com.mx\/?p=63285"},"modified":"2023-12-17T07:06:25","modified_gmt":"2023-12-17T13:06:25","slug":"indaga-fiscalia-de-oaxaca-hechos-violentos-en-santa-maria-jacatepec","status":"publish","type":"post","link":"https:\/\/zonaroja.com.mx\/?p=63285","title":{"rendered":"Indaga Fiscal\u00eda de Oaxaca hechos violentos en Santa Mar\u00eda Jacatepec"},"content":{"rendered":"\n<p>Ismael Garc\u00eda M.\/Zona Roja.<\/p>\n\n\n\n<p>Oaxaca de Ju\u00e1rez, Oax., a 17 de diciembre de 2023.- Tras los hechos violentos de ayer por la ma\u00f1ana en Santa Mar\u00eda Jacatepec, que incluyeron agresi\u00f3n a funcionarios municipales y estatales, la Fiscal\u00eda General del Estado de Oaxaca inform\u00f3 que dio inicio a una carpeta de investigaci\u00f3n.<\/p>\n\n\n\n<p>A trav\u00e9s de sus redes sociales, la instituci\u00f3n detall\u00f3 que con ello busca esclarecer los hechos y se\u00f1alar a los posibles responsabilidades de la irrupci\u00f3n durante el informe del presidente municipal Gadiel Rodr\u00edguez G\u00f3mez, del Partido Morena, en que adem\u00e1s vandalizaron la sede municipal.<\/p>\n\n\n\n<p>En el evento de ayer, un grupo de pobladores de la comunidad La Joya ingres\u00f3 con violencia en la sede del informe y golpe\u00f3 al edil y otros funcionarios municipales, as\u00ed como a la delegada de Paz del Gobierno del Estado, Laura Canel.<\/p>\n\n\n\n<p>Lo anterior al acusa corrupci\u00f3n y desvi\u00f3 de recursos por al menos tres millones de pesos de una obra que hab\u00edan requerido.<\/p>\n\n\n\n<p>Personal de la Polic\u00eda Estatal, dependiente de la Secretar\u00eda de Seguridad y Protecci\u00f3n Ciudadana, ingres\u00f3 a Jacatepec y realiz\u00f3 varias detenciones; ante la resistencia, los elementos lanzaron granadas con gas lacrim\u00f3geno.<\/p>\n\n\n\n<p>La Secretar\u00eda de Gobierno de Oaxaca respondi\u00f3 la tarde de ayer que de inmediato se busc\u00f3 el di\u00e1logo y que la obra s\u00ed se estaba ejecutando.<\/p>\n\n\n\n<p>Por la noche, los inconformes denunciaron que fueron detenidas al menos 10 personas, entre ellas un profesor afiliado a la Secci\u00f3n 22 del SNTE, Tob\u00edas Roque, por lo cual bloquearon la carretera federal 175, Oaxaca-Tuxtepec, misma que se mantiene esta ma\u00f1ana.<\/p>\n","protected":false},"excerpt":{"rendered":"<p>Ismael Garc\u00eda M.\/Zona Roja. Oaxaca de Ju\u00e1rez, Oax., a 17 de diciembre de 2023.- Tras&hellip;<\/p>\n","protected":false},"author":2,"featured_media":63286,"comment_status":"closed","ping_status":"open","sticky":false,"template":"","format":"standard","meta":{"_lmt_disableupdate":"","_lmt_disable":"","_jetpack_memberships_contains_paid_content":false,"footnotes":""},"categories":[109,47],"tags":[1514],"class_list":["post-63285","post","type-post","status-publish","format-standard","has-post-thumbnail","hentry","category-minuto-a-minuto","category-zona-gris","tag-santa-maria-jacatepec"],"jetpack_featured_media_url":"https:\/\/zonaroja.com.mx\/wp-content\/uploads\/2023\/12\/Violencia-Santa-Maria-Jacatepec.jpeg","jetpack_sharing_enabled":true,"_links":{"self":[{"href":"https:\/\/zonaroja.com.mx\/index.php?rest_route=\/wp\/v2\/posts\/63285","targetHints":{"allow":["GET"]}}],"collection":[{"href":"https:\/\/zonaroja.com.mx\/index.php?rest_route=\/wp\/v2\/posts"}],"about":[{"href":"https:\/\/zonaroja.com.mx\/index.php?rest_route=\/wp\/v2\/types\/post"}],"author":[{"embeddable":true,"href":"https:\/\/zonaroja.com.mx\/index.php?rest_route=\/wp\/v2\/users\/2"}],"replies":[{"embeddable":true,"href":"https:\/\/zonaroja.com.mx\/index.php?rest_route=%2Fwp%2Fv2%2Fcomments&post=63285"}],"version-history":[{"count":1,"href":"https:\/\/zonaroja.com.mx\/index.php?rest_route=\/wp\/v2\/posts\/63285\/revisions"}],"predecessor-version":[{"id":63287,"href":"https:\/\/zonaroja.com.mx\/index.php?rest_route=\/wp\/v2\/posts\/63285\/revisions\/63287"}],"wp:featuredmedia":[{"embeddable":true,"href":"https:\/\/zonaroja.com.mx\/index.php?rest_route=\/wp\/v2\/media\/63286"}],"wp:attachment":[{"href":"https:\/\/zonaroja.com.mx\/index.php?rest_route=%2Fwp%2Fv2%2Fmedia&parent=63285"}],"wp:term":[{"taxonomy":"category","embeddable":true,"href":"https:\/\/zonaroja.com.mx\/index.php?rest_route=%2Fwp%2Fv2%2Fcategories&post=63285"},{"taxonomy":"post_tag","embeddable":true,"href":"https:\/\/zonaroja.com.mx\/index.php?rest_route=%2Fwp%2Fv2%2Ftags&post=63285"}],"curies":[{"name":"wp","href":"https:\/\/api.w.org\/{rel}","templated":true}]}}