{"id":63291,"date":"2023-12-17T11:00:00","date_gmt":"2023-12-17T17:00:00","guid":{"rendered":"http:\/\/www.zonaroja.com.mx\/?p=63291"},"modified":"2023-12-17T07:28:15","modified_gmt":"2023-12-17T13:28:15","slug":"director-general-de-segalmex-principal-operador-del-fraude-multimillonario","status":"publish","type":"post","link":"https:\/\/zonaroja.com.mx\/?p=63291","title":{"rendered":"Director general de Segalmex, principal operador del fraude multimillonario"},"content":{"rendered":"\n<p>Redacci\u00f3n\/Zona Roja Cdmx.<\/p>\n\n\n\n<p>Ciudad de M\u00e9xico, a 17 de diciembre de 2023.- Ren\u00e9 Gavira, exdirector de Administraci\u00f3n de Segalmex, acus\u00f3 al ex director general de Seguridad Alimentaria Mexicana, Ignacio Ovalle, del fraude en el organismo descentralizado.<\/p>\n\n\n\n<p>Gavira, detenido a inicios de diciembre, present\u00f3 ante un juez un oficio para la compra de bonos basura por casi mil millones de pesos, con fecha de febrero de 2020.<\/p>\n\n\n\n<p>El documento, en posesi\u00f3n del diario \u201cEl Pa\u00eds\u201d, muestra la firma de Gavira como solicitante de la adquisici\u00f3n de bonos por 950 millones de pesos, as\u00ed como la firma de Ovalle como la persona que autoriza la operaci\u00f3n.<\/p>\n\n\n\n<p>La&nbsp;Fiscal\u00eda General de la Rep\u00fablica (FGR)&nbsp;se\u00f1ala a Ren\u00e9 Gavira de uso ilegal de atribuciones y facultades, delitos por los cuales fue detenido.<\/p>\n\n\n\n<p>Un juez le dict\u00f3 la prisi\u00f3n preventiva justificada por alto riesgo de fuego, medida cautelar que cumplir\u00e1 en el Reclusorio Norte.<\/p>\n\n\n\n<p>En junio pasado, el presidente Andr\u00e9s Manuel L\u00f3pez Obrador defendi\u00f3 la inocencia de Ignacio Ovalle respecto del fraude en Segalmex, afirmando que fue enga\u00f1ado.<\/p>\n\n\n\n<p>Reconoci\u00f3 que se trata de un caso de corrupci\u00f3n dentro de su Gobierno, si bien apunt\u00f3 que es el \u00fanico.<\/p>\n\n\n\n<p>\u201cMe doli\u00f3 porque se trata de un sistema que creamos para restablecer precios de garant\u00eda que se crearon durante el gobierno del general C\u00e1rdenas y luego se eliminaron con el periodo neoliberal\u201d, expuso en su conferencia de prensa matutina.<\/p>\n\n\n\n<p>(Informaci\u00f3n de L\u00f3pez-D\u00f3riga Digital)<\/p>\n","protected":false},"excerpt":{"rendered":"<p>Redacci\u00f3n\/Zona Roja Cdmx. Ciudad de M\u00e9xico, a 17 de diciembre de 2023.- Ren\u00e9 Gavira, exdirector&hellip;<\/p>\n","protected":false},"author":2,"featured_media":63292,"comment_status":"closed","ping_status":"open","sticky":false,"template":"","format":"standard","meta":{"_lmt_disableupdate":"","_lmt_disable":"","_jetpack_memberships_contains_paid_content":false,"footnotes":""},"categories":[109,47],"tags":[1675,3759],"class_list":["post-63291","post","type-post","status-publish","format-standard","has-post-thumbnail","hentry","category-minuto-a-minuto","category-zona-gris","tag-diconsa-segalmex","tag-ignacio-ovalle"],"jetpack_featured_media_url":"https:\/\/zonaroja.com.mx\/wp-content\/uploads\/2023\/12\/Ignacio-Ovalle-Segalmex.jpeg","jetpack_sharing_enabled":true,"_links":{"self":[{"href":"https:\/\/zonaroja.com.mx\/index.php?rest_route=\/wp\/v2\/posts\/63291","targetHints":{"allow":["GET"]}}],"collection":[{"href":"https:\/\/zonaroja.com.mx\/index.php?rest_route=\/wp\/v2\/posts"}],"about":[{"href":"https:\/\/zonaroja.com.mx\/index.php?rest_route=\/wp\/v2\/types\/post"}],"author":[{"embeddable":true,"href":"https:\/\/zonaroja.com.mx\/index.php?rest_route=\/wp\/v2\/users\/2"}],"replies":[{"embeddable":true,"href":"https:\/\/zonaroja.com.mx\/index.php?rest_route=%2Fwp%2Fv2%2Fcomments&post=63291"}],"version-history":[{"count":1,"href":"https:\/\/zonaroja.com.mx\/index.php?rest_route=\/wp\/v2\/posts\/63291\/revisions"}],"predecessor-version":[{"id":63293,"href":"https:\/\/zonaroja.com.mx\/index.php?rest_route=\/wp\/v2\/posts\/63291\/revisions\/63293"}],"wp:featuredmedia":[{"embeddable":true,"href":"https:\/\/zonaroja.com.mx\/index.php?rest_route=\/wp\/v2\/media\/63292"}],"wp:attachment":[{"href":"https:\/\/zonaroja.com.mx\/index.php?rest_route=%2Fwp%2Fv2%2Fmedia&parent=63291"}],"wp:term":[{"taxonomy":"category","embeddable":true,"href":"https:\/\/zonaroja.com.mx\/index.php?rest_route=%2Fwp%2Fv2%2Fcategories&post=63291"},{"taxonomy":"post_tag","embeddable":true,"href":"https:\/\/zonaroja.com.mx\/index.php?rest_route=%2Fwp%2Fv2%2Ftags&post=63291"}],"curies":[{"name":"wp","href":"https:\/\/api.w.org\/{rel}","templated":true}]}}