{"id":63294,"date":"2023-12-17T12:00:00","date_gmt":"2023-12-17T18:00:00","guid":{"rendered":"http:\/\/www.zonaroja.com.mx\/?p=63294"},"modified":"2023-12-17T07:40:48","modified_gmt":"2023-12-17T13:40:48","slug":"cinco-muertos-saldo-fatal-decembrio-de-ayer-sabado-en-oaxaca","status":"publish","type":"post","link":"https:\/\/zonaroja.com.mx\/?p=63294","title":{"rendered":"Cinco muertos, saldo fatal decembrio de ayer s\u00e1bado en Oaxaca"},"content":{"rendered":"\n<p>Ismael Garc\u00eda M.\/Zona Roja.<\/p>\n\n\n\n<p>Oaxaca de Ju\u00e1rez, Oax., a 17 de diciembre de 2023.- Al menos cinco personas fallecidas e igual n\u00famero de lesionadas es el saldo preliminar de varios percances ocurridos ayer s\u00e1bado en carreteras de Oaxaca.<\/p>\n\n\n\n<p>El m\u00e1s reciente hecho ocurri\u00f3 ayer por la noche en la carretera federal 200 Salina Cruz-Pinotepa, a la altura del kil\u00f3metro 271, jurisdicci\u00f3n de Zimat\u00e1n, Santiago Astana.<\/p>\n\n\n\n<p>Param\u00e9dicos de Heroico Cuerpo de Bomberos atendieron el percance en que una motocicleta se impact\u00f3 contra un tr\u00e1iler, lo que dej\u00f3 como saldo preliminar dos personas fallecidas, j\u00f3venes originarios de Huatulco.<\/p>\n\n\n\n<p>Mientras que ayer por la ma\u00f1ana, en la carretera federal 190 Oaxaca-Istmo, en inmediaciones de la localidad de San Jos\u00e9 de Gracia, se suscit\u00f3 un accidente entre dos veh\u00edculos particulares, uno de marca Kia y otro Toyota.<\/p>\n\n\n\n<p>El saldo fatal fue de dos personas fallecidas y al menos ocho lesionadas, entre ellas una menor de edad; en una unidad viajaba una familia de la Ciudad de M\u00e9xico y en otra una de Salina Cruz.<\/p>\n\n\n\n<p>Mientras que ayer por la ma\u00f1ana en la calle prolongaci\u00f3n de la calzada de la Rep\u00fablica, inmediaciones de la colonia Fernando G\u00f3mez Sandoval de Santa Luc\u00eda del Camino, colindante con la agencia Cinco Se\u00f1ores de la ciudad de Oaxaca, fue hallado un cuerpo sin vida.<\/p>\n\n\n\n<p>Presuntamente fue atropellada por una unidad de motor y, de acuerdo con la documentaci\u00f3n que le hallaron, fue identificado como Jos\u00e9 Carlos R. C., de 24 a\u00f1os de edad y originario de la Villa de Zaachila.<\/p>\n","protected":false},"excerpt":{"rendered":"<p>Ismael Garc\u00eda M.\/Zona Roja. Oaxaca de Ju\u00e1rez, Oax., a 17 de diciembre de 2023.- Al&hellip;<\/p>\n","protected":false},"author":2,"featured_media":63295,"comment_status":"closed","ping_status":"open","sticky":false,"template":"","format":"standard","meta":{"_lmt_disableupdate":"","_lmt_disable":"","_jetpack_memberships_contains_paid_content":false,"footnotes":""},"categories":[109,47],"tags":[3416],"class_list":["post-63294","post","type-post","status-publish","format-standard","has-post-thumbnail","hentry","category-minuto-a-minuto","category-zona-gris","tag-accidentes-carreteros-oaxaca"],"jetpack_featured_media_url":"https:\/\/zonaroja.com.mx\/wp-content\/uploads\/2023\/12\/Accidente-vehicular-Astata-Huatulco.jpg","jetpack_sharing_enabled":true,"_links":{"self":[{"href":"https:\/\/zonaroja.com.mx\/index.php?rest_route=\/wp\/v2\/posts\/63294","targetHints":{"allow":["GET"]}}],"collection":[{"href":"https:\/\/zonaroja.com.mx\/index.php?rest_route=\/wp\/v2\/posts"}],"about":[{"href":"https:\/\/zonaroja.com.mx\/index.php?rest_route=\/wp\/v2\/types\/post"}],"author":[{"embeddable":true,"href":"https:\/\/zonaroja.com.mx\/index.php?rest_route=\/wp\/v2\/users\/2"}],"replies":[{"embeddable":true,"href":"https:\/\/zonaroja.com.mx\/index.php?rest_route=%2Fwp%2Fv2%2Fcomments&post=63294"}],"version-history":[{"count":1,"href":"https:\/\/zonaroja.com.mx\/index.php?rest_route=\/wp\/v2\/posts\/63294\/revisions"}],"predecessor-version":[{"id":63296,"href":"https:\/\/zonaroja.com.mx\/index.php?rest_route=\/wp\/v2\/posts\/63294\/revisions\/63296"}],"wp:featuredmedia":[{"embeddable":true,"href":"https:\/\/zonaroja.com.mx\/index.php?rest_route=\/wp\/v2\/media\/63295"}],"wp:attachment":[{"href":"https:\/\/zonaroja.com.mx\/index.php?rest_route=%2Fwp%2Fv2%2Fmedia&parent=63294"}],"wp:term":[{"taxonomy":"category","embeddable":true,"href":"https:\/\/zonaroja.com.mx\/index.php?rest_route=%2Fwp%2Fv2%2Fcategories&post=63294"},{"taxonomy":"post_tag","embeddable":true,"href":"https:\/\/zonaroja.com.mx\/index.php?rest_route=%2Fwp%2Fv2%2Ftags&post=63294"}],"curies":[{"name":"wp","href":"https:\/\/api.w.org\/{rel}","templated":true}]}}