{"id":63297,"date":"2023-12-18T08:25:00","date_gmt":"2023-12-18T14:25:00","guid":{"rendered":"http:\/\/www.zonaroja.com.mx\/?p=63297"},"modified":"2023-12-18T08:13:48","modified_gmt":"2023-12-18T14:13:48","slug":"acepta-israel-que-sus-soldados-asesinaron-por-error-a-tres-rehenes-en-gaza","status":"publish","type":"post","link":"https:\/\/zonaroja.com.mx\/?p=63297","title":{"rendered":"Acepta Israel que sus soldados asesinaron \u201cpor error\u201d a tres rehenes en Gaza"},"content":{"rendered":"\n<p>Redacci\u00f3n\/Zona Roja Cdmx.<\/p>\n\n\n\n<p>Ciudad de M\u00e9xico, a 18 de diciembre de 2023.- El Gobierno y el Ej\u00e9rcito de Israel se responsabilizaron este s\u00e1bado de la muerte por error de tres rehenes en Gaza por disparos de soldados israel\u00edes, en medio de una creciente presi\u00f3n de las familias de los secuestrados para una nueva tregua que permita liberarlos tras 71 d\u00edas de guerra.<\/p>\n\n\n\n<p>\u201cEl Estado de Israel lamenta la tr\u00e1gica muerte de tres de nuestros secuestrados\u201d, afirm\u00f3 el primer ministro israel\u00ed, Benjam\u00edn Netanyahu, en una comparecencia despu\u00e9s de que los familiares insistieran en una nueva tregua en la ofensiva militar israel\u00ed para traerlos a casa.<\/p>\n\n\n\n<p>\u201cAprenderemos las lecciones\u201d, asumi\u00f3 el jefe de Gobierno, pero sin ceder en su posici\u00f3n de mantener la operaci\u00f3n militar implacable sobre la Franja palestina.<\/p>\n\n\n\n<p>\u201cSolo la continuaci\u00f3n de la presi\u00f3n militar\u201d sobre el grupo islamista Ham\u00e1s \u201cconducir\u00e1 a la liberaci\u00f3n de todos nuestros secuestrados\u201d, asever\u00f3, pese a las continuas voces desde la comunidad internacional ante las enormes cifras diarias de v\u00edctimas.<\/p>\n\n\n\n<p>M\u00e1s de 18 mil 800 muertos y de 51 mil heridos, la mayor\u00eda civiles, seg\u00fan el Ministerio de Sanidad de Gaza, controlado por Ham\u00e1s.<\/p>\n\n\n\n<p>La victoria llevar\u00e1 tiempo\u201d, sentenci\u00f3, pero \u201ca pesar del enorme dolor, (\u2026) a pesar de las presiones internacionales, seguimos hasta el final, nada nos detendr\u00e1 hasta que logremos la victoria\u201d.<\/p>\n\n\n\n<p>Tanto el ministro de Defensa, Yoav Gallant, como el jefe del Estado Mayor del Ej\u00e9rcito israel\u00ed, el general Herzi Halevi, asumieron la responsabilidad de lo ocurrido el viernes, cuando fueron abatidos en Gaza los tres rehenes israel\u00edes pese a que llevaban banderas blancas.<\/p>\n\n\n\n<p>El Ej\u00e9rcito asegur\u00f3 haber completado una investigaci\u00f3n preliminar de lo ocurrido, que traslad\u00f3 a sus comandantes sobre el terreno para que no vuelva a ocurrir.<\/p>\n\n\n\n<p>Est\u00e1 prohibido disparar contra quienes izan una bandera blanca y piden rendirse\u201d, a\u00f1adi\u00f3 el alto mando militar, a la vez que reconoci\u00f3, al igual que el ministro, la presi\u00f3n bajo la que act\u00faan sus soldados.<\/p>\n\n\n\n<p>Una presi\u00f3n en la que persisten los familiares de los 129 rehenes que siguen en Gaza, de los que alrededor de una veintena se dan por muertos.<\/p>\n\n\n\n<p>La tregua del pasado 24 de noviembre permiti\u00f3 durante una semana la liberaci\u00f3n de 105 rehenes, 24 de ellos extranjeros, a cambio de la excarcelaci\u00f3n de 240 presos palestinos.<\/p>\n\n\n\n<p>Pero Ham\u00e1s, que acusa a Israel de haber matado deliberadamente a los tres rehenes, reiter\u00f3 este s\u00e1bado que no negociar\u00e1 el intercambio de prisioneros a menos que cese \u201cde una vez por todas la agresi\u00f3n\u201d en el enclave palestino y as\u00ed se lo comunic\u00f3 a todos los mediadores.<\/p>\n\n\n\n<p>Horas antes, Qatar hab\u00eda confirm\u00f3 \u201cesfuerzos diplom\u00e1ticos\u201d para un nuevo acuerdo entre Israel y el grupo islamista para una tregua en la Franja que permita la liberaci\u00f3n de m\u00e1s rehenes por presos palestinos.<\/p>\n\n\n\n<p>(Informaci\u00f3n de la agencia EFE)<\/p>\n","protected":false},"excerpt":{"rendered":"<p>Redacci\u00f3n\/Zona Roja Cdmx. Ciudad de M\u00e9xico, a 18 de diciembre de 2023.- El Gobierno y&hellip;<\/p>\n","protected":false},"author":2,"featured_media":60808,"comment_status":"closed","ping_status":"open","sticky":false,"template":"","format":"standard","meta":{"_lmt_disableupdate":"","_lmt_disable":"","_jetpack_memberships_contains_paid_content":false,"footnotes":""},"categories":[109,47],"tags":[2668],"class_list":["post-63297","post","type-post","status-publish","format-standard","has-post-thumbnail","hentry","category-minuto-a-minuto","category-zona-gris","tag-conflicto-gaza-israel"],"jetpack_featured_media_url":"https:\/\/zonaroja.com.mx\/wp-content\/uploads\/2023\/10\/Guerra-Israel-Hamas.jpeg","jetpack_sharing_enabled":true,"_links":{"self":[{"href":"https:\/\/zonaroja.com.mx\/index.php?rest_route=\/wp\/v2\/posts\/63297","targetHints":{"allow":["GET"]}}],"collection":[{"href":"https:\/\/zonaroja.com.mx\/index.php?rest_route=\/wp\/v2\/posts"}],"about":[{"href":"https:\/\/zonaroja.com.mx\/index.php?rest_route=\/wp\/v2\/types\/post"}],"author":[{"embeddable":true,"href":"https:\/\/zonaroja.com.mx\/index.php?rest_route=\/wp\/v2\/users\/2"}],"replies":[{"embeddable":true,"href":"https:\/\/zonaroja.com.mx\/index.php?rest_route=%2Fwp%2Fv2%2Fcomments&post=63297"}],"version-history":[{"count":2,"href":"https:\/\/zonaroja.com.mx\/index.php?rest_route=\/wp\/v2\/posts\/63297\/revisions"}],"predecessor-version":[{"id":63320,"href":"https:\/\/zonaroja.com.mx\/index.php?rest_route=\/wp\/v2\/posts\/63297\/revisions\/63320"}],"wp:featuredmedia":[{"embeddable":true,"href":"https:\/\/zonaroja.com.mx\/index.php?rest_route=\/wp\/v2\/media\/60808"}],"wp:attachment":[{"href":"https:\/\/zonaroja.com.mx\/index.php?rest_route=%2Fwp%2Fv2%2Fmedia&parent=63297"}],"wp:term":[{"taxonomy":"category","embeddable":true,"href":"https:\/\/zonaroja.com.mx\/index.php?rest_route=%2Fwp%2Fv2%2Fcategories&post=63297"},{"taxonomy":"post_tag","embeddable":true,"href":"https:\/\/zonaroja.com.mx\/index.php?rest_route=%2Fwp%2Fv2%2Ftags&post=63297"}],"curies":[{"name":"wp","href":"https:\/\/api.w.org\/{rel}","templated":true}]}}