{"id":63305,"date":"2023-12-17T18:22:27","date_gmt":"2023-12-18T00:22:27","guid":{"rendered":"http:\/\/www.zonaroja.com.mx\/?p=63305"},"modified":"2023-12-17T18:22:28","modified_gmt":"2023-12-18T00:22:28","slug":"opinion-la-traicion-de-las-diputadas-locales","status":"publish","type":"post","link":"https:\/\/zonaroja.com.mx\/?p=63305","title":{"rendered":"Opini\u00f3n. La traici\u00f3n de las diputadas locales"},"content":{"rendered":"\n<p>Soledad Jarqu\u00edn Edgar\/SemM\u00e9xico*<\/p>\n\n\n\n<p>En el primer a\u00f1o de gobierno de Salom\u00f3n Jara en esta entidad se han cometido diversos hechos, por acci\u00f3n u omisi\u00f3n, actos de mala fe y de corrupci\u00f3n en contra de las mujeres, violencias de todo tipo, donde pol\u00edticos, servidores p\u00fablicos, hombres y mujeres, han tenido responsabilidad clara, aunque la responsabilidad total ha estado en manos del titular del Ejecutivo y de las y los legisladores.<\/p>\n\n\n\n<p>En Oaxaca la oposici\u00f3n al partido en el gobierno no existe en el Legislativo. Act\u00faan como soldados alineados, salvo una que otra voz disidente a los intereses del grupo pol\u00edtico mayoritario, nada espanta la paz pol\u00edtica de Oaxaca.<\/p>\n\n\n\n<p>Otras y otros han visto el barco hundirse y huyeron, se lanzaron al mar con el salvavidas puesto, hasta llegar a buen puerto, es decir a Morena, donde son rescatados ya sin verg\u00fcenza, sin el menor asomo de recato, sin temor al pasado y sin m\u00edstica: desde diputadas locales como la ex priista Mariana Ben\u00edtez hasta el ex gobernador Alejandro Murat, solo por mencionar algunos casos. Condici\u00f3n que antes hicieron algunos panistas.<\/p>\n\n\n\n<p>A prop\u00f3sito de ello, dicen que en la pr\u00f3xima Guelaguetza se presentar\u00e1 un nuevo baile: la Danza de los Chapulines, coreograf\u00eda que es dirigida por Jos\u00e9 Murat.<\/p>\n\n\n\n<p>El hecho es que don Salom\u00f3n Jara no honra su palabra. El 1 de diciembre de 2022, cuando asumi\u00f3 el cargo de gobernador del Estado, ante el Congreso local, los mismos con los que hoy va de la mano, prometi\u00f3 que \u201cEl gobierno ser\u00e1 intercultural, con perspectiva de g\u00e9nero, transparente, austero e incluyente\u2026\u201d. M\u00e1s adelante reiter\u00f3 \u201c\u2026mi gobierno promover\u00e1 la igualdad de g\u00e9nero\u201d.<\/p>\n\n\n\n<p>\u00bfCu\u00e1l es entonces el problema con el gobernador Jara? Creo que nadie le explic\u00f3 de qu\u00e9 estaba hablando. Qu\u00e9 quitar derechos a las mujeres no es promover la igualdad de g\u00e9nero y s\u00ed en cambio aumenta la brecha de la desigualdad entre hombres y mujeres. Nadie le dijo para qu\u00e9 sirve o qu\u00e9 significa ni c\u00f3mo se come la perspectiva de g\u00e9nero. Principio b\u00e1sico de la teor\u00eda feminista que ha demostrado c\u00f3mo la construcci\u00f3n social patriarcal ahonda las desigualdades en contra de las mujeres, aumenta la violencia, la exclusi\u00f3n y discriminaci\u00f3n.<\/p>\n\n\n\n<p>Nadie le dijo que los retrocesos en la ley no s\u00f3lo son inconstitucionales, sino que van en contra de todo el marco jur\u00eddico \u2013internacional, nacional y local- que se ha construido a lo largo de varias d\u00e9cadas para que las mujeres tengan en los hechos las mismas oportunidades de vida y desarrollo pleno que los hombres.<\/p>\n\n\n\n<p>&nbsp;Por eso la Suprema Corte de Justicia de la Naci\u00f3n les revir\u00f3 una reforma propuesta desde el Ejecutivo local y ejecutada por las y los integrantes de la LXV Legislatura, restableciendo la vigencia del texto del art\u00edculo tercero transitorio del Decreto n\u00famero 1511, expedido el 28 de mayo de 2020 que mantiene la obligaci\u00f3n de cumplir con la paridad de g\u00e9nero en 417 municipios que eligen a sus autoridades municipales a trav\u00e9s de su propio sistema normativo interno o ind\u00edgena y que debe de alcanzarse en este a\u00f1o 2023.<\/p>\n\n\n\n<p>El gobierno de la Primavera Oaxaque\u00f1a, eslogan que cada d\u00eda se ahoga m\u00e1s, no s\u00f3lo ha mantenido a funcionarios y funcionarias una acusada y sentenciada de violencia pol\u00edtica en contra de las mujeres en raz\u00f3n de g\u00e9nero, tambi\u00e9n ha hecho caso omiso a las denuncias p\u00fablicas y ante las autoridades acerca de funcionarios por promover la pornograf\u00eda digital, por violencia familiar y otras razones de que acuerdo con la ley tendr\u00edan que irse del sistema burocr\u00e1tico de primer nivel del mandatario oaxaque\u00f1o.<\/p>\n\n\n\n<p>Este mi\u00e9rcoles la obediencia de la diputaci\u00f3n local volvi\u00f3 a funcionar, se aprob\u00f3 que el siguiente gobierno que ser\u00e1 electo en 2028 sea solo de dos a\u00f1os para uniformar las elecciones con el proceso electoral federal de 2030. \u00bfQu\u00e9 tiene eso de malo? Bueno el problema es que en Oaxaca tambi\u00e9n se aplicar\u00e1 en esa elecci\u00f3n el principio de alternancia, como decimos com\u00fanmente \u201ctoca mujer\u201d en la gubernatura.<\/p>\n\n\n\n<p>Insisto, en 2015 se intent\u00f3 que entonces se aprobara el gobierno de dos a\u00f1os, se pudo aplicar en las elecciones municipales no as\u00ed en la gubernatura, porque el core\u00f3grafo de la Danza de los Chapulines dijo \u201cno\u201d, porque le tocaba a su cachorro, es decir al ex priista Alejandro Murat y hoy promotor de Claudia Sheinbaum. Pero ahora s\u00ed se pudo, \u201ctotal toca mujer\u201d.<\/p>\n\n\n\n<p>Esta acci\u00f3n fue ejecutada con la complicidad de las y los diputados que integran la LXV Legislatura. Para el feminismo oaxaque\u00f1o es una acci\u00f3n de misoginia pol\u00edtica y tambi\u00e9n fue calificada como violencia pol\u00edtica en raz\u00f3n de g\u00e9nero por la \u00fanica opositora a la reforma la diputada morenista Concepci\u00f3n Rueda.<\/p>\n\n\n\n<p>Sin duda hay mucho que decir al respecto, mucho que analizar, lo que hoy debemos tener claro que la legislatura local, compuesta por una mayor\u00eda de mujeres, han apu\u00f1alado por la espalda nuevamente a las oaxaque\u00f1as, al aprobar la reforma a la Fracci\u00f3n I del Art\u00edculo 25 de la Constituci\u00f3n para quitarle cuatro a\u00f1os al siguiente mandato del gobierno de Oaxaca, que seguramente estar\u00e1 encabezado por una mujer.<\/p>\n\n\n\n<p>Se trata de las mismas diputadas que hoy se publicitan por todo Oaxaca, mostrando su cara bonita, dici\u00e9ndose diputadas ind\u00edgenas, blanqueadas, lindas y bien fotoshopeadas, algunas hasta con florecitas detr\u00e1s de ellas, en sendos espectaculares, en publicidad m\u00f3vil, de radio o televisi\u00f3n, por internet, en bardas y en todo aquel espacio que se pueda (cuyos costos son alt\u00edsimo y que no sabemos de d\u00f3nde sale el dinerito), y utilizan los principios, discursos y hasta las luchas feministas, se autonombran feministas, \u00bfsufragistas? y hasta defensoras de los derechos humanos de las mujeres, que para cultivar su ego forman grupos y partidos pol\u00edticos utilizando las luchas de las mujeres para convertirlas en mujeristas y decir que son fant\u00e1sticas luchadoras por los derechos humanos, aunque como ya vimos las apu\u00f1alen por las espalda.<\/p>\n\n\n\n<p>Mujeres de dos caras. As\u00ed que cuando les pidan su voto, ya sabr\u00e1n de qui\u00e9n o qui\u00e9nes estamos hablando, de las nanas del patriarcado, capaces de traicionar 200 a\u00f1os de lucha de las mujeres por la igualdad en la pol\u00edtica.<\/p>\n\n\n\n<p>*Periodista y activista feminista.<\/p>\n","protected":false},"excerpt":{"rendered":"<p>Soledad Jarqu\u00edn Edgar\/SemM\u00e9xico* En el primer a\u00f1o de gobierno de Salom\u00f3n Jara en esta entidad&hellip;<\/p>\n","protected":false},"author":2,"featured_media":52718,"comment_status":"closed","ping_status":"open","sticky":false,"template":"","format":"standard","meta":{"_lmt_disableupdate":"","_lmt_disable":"","_jetpack_memberships_contains_paid_content":false,"footnotes":""},"categories":[456,109],"tags":[1105],"class_list":["post-63305","post","type-post","status-publish","format-standard","has-post-thumbnail","hentry","category-columna","category-minuto-a-minuto","tag-soledad-jarquin-edgar"],"jetpack_featured_media_url":"https:\/\/zonaroja.com.mx\/wp-content\/uploads\/2023\/03\/Soledad-Jarquin-.jpeg","jetpack_sharing_enabled":true,"_links":{"self":[{"href":"https:\/\/zonaroja.com.mx\/index.php?rest_route=\/wp\/v2\/posts\/63305","targetHints":{"allow":["GET"]}}],"collection":[{"href":"https:\/\/zonaroja.com.mx\/index.php?rest_route=\/wp\/v2\/posts"}],"about":[{"href":"https:\/\/zonaroja.com.mx\/index.php?rest_route=\/wp\/v2\/types\/post"}],"author":[{"embeddable":true,"href":"https:\/\/zonaroja.com.mx\/index.php?rest_route=\/wp\/v2\/users\/2"}],"replies":[{"embeddable":true,"href":"https:\/\/zonaroja.com.mx\/index.php?rest_route=%2Fwp%2Fv2%2Fcomments&post=63305"}],"version-history":[{"count":1,"href":"https:\/\/zonaroja.com.mx\/index.php?rest_route=\/wp\/v2\/posts\/63305\/revisions"}],"predecessor-version":[{"id":63307,"href":"https:\/\/zonaroja.com.mx\/index.php?rest_route=\/wp\/v2\/posts\/63305\/revisions\/63307"}],"wp:featuredmedia":[{"embeddable":true,"href":"https:\/\/zonaroja.com.mx\/index.php?rest_route=\/wp\/v2\/media\/52718"}],"wp:attachment":[{"href":"https:\/\/zonaroja.com.mx\/index.php?rest_route=%2Fwp%2Fv2%2Fmedia&parent=63305"}],"wp:term":[{"taxonomy":"category","embeddable":true,"href":"https:\/\/zonaroja.com.mx\/index.php?rest_route=%2Fwp%2Fv2%2Fcategories&post=63305"},{"taxonomy":"post_tag","embeddable":true,"href":"https:\/\/zonaroja.com.mx\/index.php?rest_route=%2Fwp%2Fv2%2Ftags&post=63305"}],"curies":[{"name":"wp","href":"https:\/\/api.w.org\/{rel}","templated":true}]}}