{"id":63311,"date":"2023-12-18T09:26:00","date_gmt":"2023-12-18T15:26:00","guid":{"rendered":"http:\/\/www.zonaroja.com.mx\/?p=63311"},"modified":"2023-12-18T08:12:54","modified_gmt":"2023-12-18T14:12:54","slug":"dialogo-y-conciliacion-alternativas-en-la-solucion-de-conflictos-pjeo","status":"publish","type":"post","link":"https:\/\/zonaroja.com.mx\/?p=63311","title":{"rendered":"Di\u00e1logo y conciliaci\u00f3n,\u00a0alternativas en la soluci\u00f3n de conflictos: PJEO"},"content":{"rendered":"\n<p>Redacci\u00f3n\/Zona Roja.<\/p>\n\n\n\n<p>Oaxaca de Ju\u00e1rez, Oax., a 18 de diciembre de 2023.- El\u00a0Centro de Justicia Alternativa del Poder Judicial del Estado, que en 2022 cumpli\u00f3 20 a\u00f1os de servicio\u00a0y\u00a0constituye un importante eje en la consolidaci\u00f3n del\u00a0Estado de derecho,\u00a0en los \u00faltimos cuatro a\u00f1os\u00a0intervino en\u00a0ocho mil\u00a0659 asuntos y logr\u00f3 la firma de\u00a0mil\u00a0637 acuerdos reparatorios, adem\u00e1s de brindar\u00a0dos mil\u00a0815 sesiones terap\u00e9uticas en beneficio de\u00a0dos mil\u00a0912 personas.<\/p>\n\n\n\n<p>Al realizar un balance de las actividades desarrolladas por esta \u00e1rea, la directora Betzzaida Cruz Mendoza, indic\u00f3 que los mecanismos alternativos de soluci\u00f3n de conflictos son un complemento a la actividad judicial que promueven la cultura de la paz y han probado ser una pr\u00e1ctica efectiva en asuntos extrajudiciales, vecinales, civiles, familiares y mercantiles, a trav\u00e9s de un proceso voluntario, gratuito, confidencial y con el acompa\u00f1amiento de especialistas certificados.<\/p>\n\n\n\n<p>Resalt\u00f3 que en los \u00faltimos cuatro a\u00f1os se generaron acercamientos con escuelas de nivel preescolar, primaria, secundaria y bachillerato, en las que se impartieron los talleres que denominamos: \u201cIntroducci\u00f3n a la mediaci\u00f3n\u201d, \u201cIniciando con las pr\u00e1cticas restaurativas\u201d, \u201cQu\u00e9 es el bullyng y c\u00f3mo protegerme\u201d, \u201cQu\u00e9 sigue despu\u00e9s del bullyng\u201d y \u201cHerramientas para la resoluci\u00f3n de conflictos en el hogar\u201d, impartidos en l\u00ednea y de manera presencial, benefici\u00e1ndose a&nbsp;siete mil&nbsp;303 personas.<\/p>\n\n\n\n<p>\u201cUna de las tareas es difundir nuestros servicios de justicia alternativa y por ello, se ha participado&nbsp;en las&nbsp;jornadas de paz y justicia para las mujeres, ni\u00f1as y adolescentes, proporcionando informaci\u00f3n sobre los servicios de mediaci\u00f3n que brindan los diferentes m\u00f3dulos de justicia alternativa ubicados en el estado y en el edificio sede que tiene esta Direcci\u00f3n, distribuyendo a su vez carteles y tr\u00edpticos para llegar a m\u00e1s personas\u201d, explic\u00f3&nbsp;Cruz Mendoza.<\/p>\n\n\n\n<p>De igual manera, puntualiz\u00f3 que se han realizado actividades de mediaci\u00f3n itinerante en diferentes poblados y colonias como fue en Ocotl\u00e1n de Morelos, San Mart\u00edn Mexicapan, la Agencia de Dolores, Santa Rosa, San Juan Chapultepec &nbsp; y Trinidad de Viguera.<\/p>\n","protected":false},"excerpt":{"rendered":"<p>Redacci\u00f3n\/Zona Roja. Oaxaca de Ju\u00e1rez, Oax., a 18 de diciembre de 2023.- El\u00a0Centro de Justicia&hellip;<\/p>\n","protected":false},"author":2,"featured_media":63318,"comment_status":"closed","ping_status":"open","sticky":false,"template":"","format":"standard","meta":{"_lmt_disableupdate":"","_lmt_disable":"","_jetpack_memberships_contains_paid_content":false,"footnotes":""},"categories":[109,46],"tags":[223],"class_list":["post-63311","post","type-post","status-publish","format-standard","has-post-thumbnail","hentry","category-minuto-a-minuto","category-zona-blanca","tag-poder-judicial-de-oaxaca"],"jetpack_featured_media_url":"https:\/\/zonaroja.com.mx\/wp-content\/uploads\/2023\/12\/Participacion-en-las-jornadas-de-Justicia-y-Paz.jpg","jetpack_sharing_enabled":true,"_links":{"self":[{"href":"https:\/\/zonaroja.com.mx\/index.php?rest_route=\/wp\/v2\/posts\/63311","targetHints":{"allow":["GET"]}}],"collection":[{"href":"https:\/\/zonaroja.com.mx\/index.php?rest_route=\/wp\/v2\/posts"}],"about":[{"href":"https:\/\/zonaroja.com.mx\/index.php?rest_route=\/wp\/v2\/types\/post"}],"author":[{"embeddable":true,"href":"https:\/\/zonaroja.com.mx\/index.php?rest_route=\/wp\/v2\/users\/2"}],"replies":[{"embeddable":true,"href":"https:\/\/zonaroja.com.mx\/index.php?rest_route=%2Fwp%2Fv2%2Fcomments&post=63311"}],"version-history":[{"count":2,"href":"https:\/\/zonaroja.com.mx\/index.php?rest_route=\/wp\/v2\/posts\/63311\/revisions"}],"predecessor-version":[{"id":63319,"href":"https:\/\/zonaroja.com.mx\/index.php?rest_route=\/wp\/v2\/posts\/63311\/revisions\/63319"}],"wp:featuredmedia":[{"embeddable":true,"href":"https:\/\/zonaroja.com.mx\/index.php?rest_route=\/wp\/v2\/media\/63318"}],"wp:attachment":[{"href":"https:\/\/zonaroja.com.mx\/index.php?rest_route=%2Fwp%2Fv2%2Fmedia&parent=63311"}],"wp:term":[{"taxonomy":"category","embeddable":true,"href":"https:\/\/zonaroja.com.mx\/index.php?rest_route=%2Fwp%2Fv2%2Fcategories&post=63311"},{"taxonomy":"post_tag","embeddable":true,"href":"https:\/\/zonaroja.com.mx\/index.php?rest_route=%2Fwp%2Fv2%2Ftags&post=63311"}],"curies":[{"name":"wp","href":"https:\/\/api.w.org\/{rel}","templated":true}]}}