{"id":63313,"date":"2023-12-18T07:36:44","date_gmt":"2023-12-18T13:36:44","guid":{"rendered":"http:\/\/www.zonaroja.com.mx\/?p=63313"},"modified":"2023-12-18T07:36:46","modified_gmt":"2023-12-18T13:36:46","slug":"reina-el-crimen-en-la-capital-de-oaxaca-identifican-a-dos-baleados-ayer","status":"publish","type":"post","link":"https:\/\/zonaroja.com.mx\/?p=63313","title":{"rendered":"Reina el crimen en la capital de Oaxaca: identifican a dos baleados ayer"},"content":{"rendered":"\n<p>Ismael Garc\u00eda M.\/Zona Roja.<\/p>\n\n\n\n<p>Oaxaca de Ju\u00e1rez, Oax., a 18 de diciembre de 2023.- A la luz del d\u00eda y en una de las vialidades m\u00e1s transitadas de la ciudad de Oaxaca, dos personas fueron atacadas a balazos ayer, sin que hubiera ni persecuci\u00f3n policiaca ni detenidos.<\/p>\n\n\n\n<p>Las v\u00edctimas fueron identificadas de manera preliminar como Priscila C. J., de 46 a\u00f1os de edad, y Alfredo \u201cN\u201d, de 27 a\u00f1os de edad, este \u00faltimo delicado de salud, con un impacto de arma de fuego en la cabeza.<\/p>\n\n\n\n<p>Fue aproximadamente a las 13:27 horas en que se reportaron detonaciones de arma de fuego en la avenida Oaxaca (carretera Internacional Oaxaca-M\u00e9xico), a la altura de un centro comercial de la agencia de Santa Rosa Panzacola.<\/p>\n\n\n\n<p>Presuntamente individuos a bordo de tres motocicletas se atacaron a balazos y las agresiones continuaron m\u00e1s adelante de la misma v\u00eda, a la altura la calle 3, donde un disparo peg\u00f3 en un brazo a la femenina.<\/p>\n\n\n\n<p>Asimismo, el joven recibi\u00f3 un disparo en la cabeza y en ambos brazos, por lo cual param\u00e9dicos de la Cruz Roja Mexicana los atendieron y trasladaron al Hospital Civil de la capital.<\/p>\n\n\n\n<p>Supuestamente arribaron polic\u00edas municipales de la Secretar\u00eda de Seguridad que encabeza Ra\u00fal \u00c1vila Ibarra, y efectuaron patrullajes, pero no hubo personas detenidas.<\/p>\n\n\n\n<p>La Fiscal\u00eda General del Estado inici\u00f3 las investigaciones correspondientes y cuenta ya con la identidad de los tres agresores, lograda a trav\u00e9s de c\u00e1maras de videovigilancia.<\/p>\n","protected":false},"excerpt":{"rendered":"<p>Ismael Garc\u00eda M.\/Zona Roja. Oaxaca de Ju\u00e1rez, Oax., a 18 de diciembre de 2023.- A&hellip;<\/p>\n","protected":false},"author":2,"featured_media":63314,"comment_status":"closed","ping_status":"open","sticky":false,"template":"","format":"standard","meta":{"_lmt_disableupdate":"","_lmt_disable":"","_jetpack_memberships_contains_paid_content":false,"footnotes":""},"categories":[109,47],"tags":[148],"class_list":["post-63313","post","type-post","status-publish","format-standard","has-post-thumbnail","hentry","category-minuto-a-minuto","category-zona-gris","tag-oaxaca-de-juarez"],"jetpack_featured_media_url":"https:\/\/zonaroja.com.mx\/wp-content\/uploads\/2023\/12\/Baleado-ciudad-de-Oaxaca.png","jetpack_sharing_enabled":true,"_links":{"self":[{"href":"https:\/\/zonaroja.com.mx\/index.php?rest_route=\/wp\/v2\/posts\/63313","targetHints":{"allow":["GET"]}}],"collection":[{"href":"https:\/\/zonaroja.com.mx\/index.php?rest_route=\/wp\/v2\/posts"}],"about":[{"href":"https:\/\/zonaroja.com.mx\/index.php?rest_route=\/wp\/v2\/types\/post"}],"author":[{"embeddable":true,"href":"https:\/\/zonaroja.com.mx\/index.php?rest_route=\/wp\/v2\/users\/2"}],"replies":[{"embeddable":true,"href":"https:\/\/zonaroja.com.mx\/index.php?rest_route=%2Fwp%2Fv2%2Fcomments&post=63313"}],"version-history":[{"count":1,"href":"https:\/\/zonaroja.com.mx\/index.php?rest_route=\/wp\/v2\/posts\/63313\/revisions"}],"predecessor-version":[{"id":63315,"href":"https:\/\/zonaroja.com.mx\/index.php?rest_route=\/wp\/v2\/posts\/63313\/revisions\/63315"}],"wp:featuredmedia":[{"embeddable":true,"href":"https:\/\/zonaroja.com.mx\/index.php?rest_route=\/wp\/v2\/media\/63314"}],"wp:attachment":[{"href":"https:\/\/zonaroja.com.mx\/index.php?rest_route=%2Fwp%2Fv2%2Fmedia&parent=63313"}],"wp:term":[{"taxonomy":"category","embeddable":true,"href":"https:\/\/zonaroja.com.mx\/index.php?rest_route=%2Fwp%2Fv2%2Fcategories&post=63313"},{"taxonomy":"post_tag","embeddable":true,"href":"https:\/\/zonaroja.com.mx\/index.php?rest_route=%2Fwp%2Fv2%2Ftags&post=63313"}],"curies":[{"name":"wp","href":"https:\/\/api.w.org\/{rel}","templated":true}]}}