{"id":63316,"date":"2023-12-18T07:59:17","date_gmt":"2023-12-18T13:59:17","guid":{"rendered":"http:\/\/www.zonaroja.com.mx\/?p=63316"},"modified":"2023-12-18T07:59:19","modified_gmt":"2023-12-18T13:59:19","slug":"opinion-obrador-el-presidente-que-pasara-a-la-historia","status":"publish","type":"post","link":"https:\/\/zonaroja.com.mx\/?p=63316","title":{"rendered":"Opini\u00f3n. Obrador, \u00bfel Presidente que pasar\u00e1 a la historia?"},"content":{"rendered":"\n<p>Ismael Garc\u00eda M.\/Zona Roja.<\/p>\n\n\n\n<p>Oaxaca de Ju\u00e1rez, Oax., a 18 de diciembre de 2023.- A Andr\u00e9s Manuel L\u00f3pez Obrador, primer Presidente de M\u00e9xico surgido de la izquierda mexicana, ya le quedan poco m\u00e1s de 11 meses para terminar su sexenio.<\/p>\n\n\n\n<p>O menos, tomando en cuenta que casi medio a\u00f1o se llevar\u00e1 el proceso electoral, que incluye su relevo, y la renovaci\u00f3n del Senado de la Rep\u00fablica, la C\u00e1mara de Diputados local, as\u00ed como varias elecciones estatales.<\/p>\n\n\n\n<p>Y por lo menos tres meses antes de que termine noviembre, ya deber\u00e1 estar cerrando pr\u00e1cticamente el ejercicio fiscal 2024 y los seis a\u00f1os de su mandato. Pol\u00e9mico, por cierto.<\/p>\n\n\n\n<p>Quiz\u00e1 por ello, desde la semana pasada, el Presidente ha emprendido una larga jornada de inauguraci\u00f3n de obras, a\u00fan est\u00e9n inconclusas, con las que pretende dejar el sello de transformaci\u00f3n del pa\u00eds.<\/p>\n\n\n\n<p>Y lo quiere hacer en grande, dejando un precedente hist\u00f3rico con megaproyectos, pero privilegiando la regi\u00f3n sur-sureste de M\u00e9xico, entre ellas la entidad oaxaque\u00f1a, que ya comienza a ver sus frutos por lo menos en el crecimiento econ\u00f3mico, seg\u00fan datos del Inegi.<\/p>\n\n\n\n<p>\u00bfPero seis a\u00f1os son suficientes para dejar un legado perdurable? \u00bfY de verdad es un Presidente honrado y cabal?<\/p>\n\n\n\n<p>LAS OBRAS<\/p>\n\n\n\n<p>En los \u00faltimos d\u00edas, Obrador inici\u00f3 una intensa gira por varias entidades del sur-sureste y norte de M\u00e9xico, para poner en marcha diversas obras.&nbsp;<\/p>\n\n\n\n<p>El Tren Maya, uno de ellos, tramo Campeche-Canc\u00fan, cuyo viaje dur\u00f3 m\u00e1s de seis horas; pero al d\u00eda siguiente comenzaron a revelarse las fallas, incluyendo los retrasos, los costos, los alimentos y trabajos inconclusos, adem\u00e1s de los constantes se\u00f1alamientos de ecocodio a lo largo del trayecto.<\/p>\n\n\n\n<p>Evidentemente que todo proyecto inicia as\u00ed, con errores, pero sin lugar a dudas que el Tren Maya representar\u00e1 un detonador del turismo y de la zona en varias entidades de la pen\u00ednsula y sus verdaderos resultados podr\u00edan medirse quiz\u00e1 en un lustro.<\/p>\n\n\n\n<p>El presidente estuvo la semana pasada tambi\u00e9n en Nuevo Le\u00f3n, donde inaugur\u00f3 la presa \u201cEl Cuchillo\u201d, para dotar de m\u00e1s agua potable a la zona metropolitana de Monterrey.<\/p>\n\n\n\n<p>Abre hoy una presa m\u00e1s en Sinaloa y el pr\u00f3ximo d\u00eda 22 prev\u00e9 inaugurar el tren del Corredor Interoce\u00e1nico, desde Coatzacoalcos a Salina Cruz, Oaxaca.<\/p>\n\n\n\n<p>Para el d\u00eda 26, pone en marcha la l\u00ednea a\u00e9rea Mexicana de Aviaci\u00f3n, pero ahora bajo la rector\u00eda del Estado. Prev\u00e9 en estos \u00faltimos d\u00edas inaugurar la fase Canc\u00fan-Palenque del Tren Maya, as\u00ed como la megafarmacia central.<\/p>\n\n\n\n<p>Ya est\u00e1n en operaci\u00f3n el Banco Bienestar, Gas Bienestar, el Aeropuerto Internacional \u201cFelipe \u00c1ngeles\u201d, la refiner\u00eda \u201cDos Bocas\u201d en Tabasco, la refiner\u00eda que se adquiri\u00f3 en Texas, aunque muchos de esos proyectos o no arrancan o son un fracaso, como es el caso del gas; de las pipas que se adquirieron para surtir combustibles desde las refiner\u00edas hasta las gasolineras, nadie sabe d\u00f3nde quedaron.<\/p>\n\n\n\n<p>Poco se ha hablado de los caminos artesanales, con miles de millones de pesos invertidos, principalmente en Oaxaca, que ha sido beneficiado con alrededor de 200 cabeceras municipales y miles de personas ind\u00edgenas favorecidas.<\/p>\n\n\n\n<p>Y hablando de nuestra entidad, se prev\u00e9 que, por fin, el pr\u00f3ximo a\u00f1o se concluyan las supercarreteras a la Costa y el Istmo, iniciadas ya desde hace tres lustros aproximadamente.<\/p>\n\n\n\n<p>Efectivamente, la lista es larga, pero los resultados nunca son ni ser\u00e1n a corto plazo.<\/p>\n\n\n\n<p>Y algo m\u00e1s relevante que destacar es que se han emprendido con presupuesto p\u00fablico, sin deudas y sin concesiones a empresas privadas.<\/p>\n\n\n\n<p>\u00bfY FUNCIONAN?<\/p>\n\n\n\n<p>En obras posiblemente L\u00f3pez Obrador s\u00ed llegue trascender, a corto plazo, en los anales de la historia. Porque, primero, en tan s\u00f3lo un sexenio construy\u00f3 varias megaobras.<\/p>\n\n\n\n<p>Evidentemente que, cual nuestra idiosincracia, queremos resultados ya, de la noche a la ma\u00f1ana.<\/p>\n\n\n\n<p>Quisi\u00e9ramos que al d\u00eda siguiente de su inauguraci\u00f3n, el aeropuerto \u201cFelipe \u00c1ngeles\u201d estuviera lleno de usuarios, de vuelos y de espacios comerciales; no es as\u00ed.<\/p>\n\n\n\n<p>Quisi\u00e9ramos que \u201cDos Bocas\u201d ya estuviera produciendo miles de barriles diarios de petr\u00f3leo; tampoco es as\u00ed.<\/p>\n\n\n\n<p>Quisi\u00e9ramos que el Tren Maya, o el Tren Interoce\u00e1nico, ya estuvieran trasladando pasajeros y turistas, llenos todos los d\u00edas, y a bajo costo. O que el Corredor Interoce\u00e1nico, Oaxaca-Veracruz, desde el primer d\u00eda ya le est\u00e9 quitando clientes al Canal de Panam\u00e1. Tampoco es as\u00ed.<\/p>\n\n\n\n<p>Pero, en el caso de las obras, dejemos el beneficio de la duda y un poco de tiempo, para ver los frutos completos.&nbsp;<\/p>\n\n\n\n<p>Por cierto, de los grandes proyectos, en su mayor\u00eda se encuentran en el sur-sureste de M\u00e9xico y es la regi\u00f3n que gobiernos anteriores, principalmente priistas, hab\u00edan mantenido en el olvido y la marginaci\u00f3n social.<\/p>\n\n\n\n<p>\u00bfQue han resultado favorecidas grandes empresas nacionales e internacionales, pues eso s\u00ed, nadie lo duda.<\/p>\n\n\n\n<p>\u00bfQue algunos de los ricos de M\u00e9xico, como Carlos Slim, sean m\u00e1s ricos en este sexenio?, pues puede ser por su participaci\u00f3n en los megaproyectos.<\/p>\n\n\n\n<p>LOS SALDOS<\/p>\n\n\n\n<p>\u00bfDejar\u00e1 saldos pendientes? Indudablemente que s\u00ed y uno es la inseguridad. L\u00f3pez Obrador ser\u00e1 recordado tambi\u00e9n pero por el fracaso en materia de seguridad en todo el pa\u00eds, con una fallida Guardia Nacional que s\u00f3lo acude al lugar de los hechos delictivos mucho tiempo despu\u00e9s que ocurrieron.<\/p>\n\n\n\n<p>Un pa\u00eds manchado de sangre y con bandas criminales que d\u00eda con d\u00eda se apoderan de m\u00e1s territorio y muy pronto en control total de la pol\u00edtica y del gobierno.<\/p>\n\n\n\n<p>L\u00f3pez Obrador quedar\u00e1 como el presidente cuyo sexenio registr\u00f3 la cifra hist\u00f3rica de homicidios, m\u00e1s de 200 mil.<\/p>\n\n\n\n<p>Quedar\u00e1 tambi\u00e9n la duda si pact\u00f3 o no con el crimen organizado, pues parece que los grupos criminales tienen carta abierta para extenderse a lo largo y ancho del pa\u00eds y m\u00e1s all\u00e1 del territorio nacional.<\/p>\n\n\n\n<p>Quedar\u00e1 tambi\u00e9n el precedente de haber dejado la puerta abierta al \u201cnarcogobierno<\/p>\n\n\n\n<p>Ser\u00e1 recordado tambi\u00e9n como el Presidente que militariz\u00f3 el pa\u00eds pero de manera administrativa. En lugar de combatir al crimen, puso al Ej\u00e9rcito a construir obras, a administrar aeropuertos y aduanas, as\u00ed como una aerol\u00ednea, adem\u00e1s de&nbsp;<\/p>\n\n\n\n<p>Lamentable tambi\u00e9n su postura de rechazo a las cr\u00edticas en los medios de comunicaci\u00f3n, pese a que Obrador se ha pregonado respetuoso de la libertad de expresi\u00f3n.&nbsp;<\/p>\n\n\n\n<p>No criticamos su derecho a replicar lo que considera falso hacia su persona, su trabajo o su familia, sino la forma en que lo ha hecho: exhibir medi\u00e1ticamente a periodistas una tras otra, al grado de revelar detalles personales y hasta acusar de corrupci\u00f3n a algunos, s\u00f3lo porque no se est\u00e1 de acuerdo con su trabajo informativo.<\/p>\n\n\n\n<p>Eso sin duda ha generado adem\u00e1s la creciente impunidad y los crecientes hechos de violencia en su sexenio, que han derivado en el asesinato de muchos comunicadores.<\/p>\n\n\n\n<p>\u00bfY la corrupci\u00f3n? Don Andr\u00e9s Manuel sin duda que ser\u00e1 recordado por perdonar las atrocidades de Enrique Pe\u00f1a Nieto, por permitirle el triunfo en 2018; asimismo por el ataque constante a las instituciones p\u00fablicas que no son de su conveniencia, como el Instituto de Transparencia, e incluso al Poder Judicial, as\u00ed como su constante intromisi\u00f3n en el Legislativo.<\/p>\n\n\n\n<p>Y por supuesto que hubo corrupci\u00f3n en su sexenio, como es el caso de Segalmex, que es el \u00fanico que ha reconocido que existe.&nbsp;<\/p>\n\n\n\n<p>Pero por cualquiera de las situaciones, Andr\u00e9s Manuel L\u00f3pez Obrador s\u00ed pasar\u00e1 a la historia en la transformaci\u00f3n del pa\u00eds.<\/p>\n","protected":false},"excerpt":{"rendered":"<p>Ismael Garc\u00eda M.\/Zona Roja. Oaxaca de Ju\u00e1rez, Oax., a 18 de diciembre de 2023.- A&hellip;<\/p>\n","protected":false},"author":2,"featured_media":41735,"comment_status":"closed","ping_status":"open","sticky":false,"template":"","format":"standard","meta":{"_lmt_disableupdate":"","_lmt_disable":"","_jetpack_memberships_contains_paid_content":false,"footnotes":""},"categories":[109,48],"tags":[1353],"class_list":["post-63316","post","type-post","status-publish","format-standard","has-post-thumbnail","hentry","category-minuto-a-minuto","category-zona-critica","tag-opinion-zona-critica"],"jetpack_featured_media_url":"https:\/\/zonaroja.com.mx\/wp-content\/uploads\/2022\/05\/Opinion-Ismael-Garcia-M.jpg","jetpack_sharing_enabled":true,"_links":{"self":[{"href":"https:\/\/zonaroja.com.mx\/index.php?rest_route=\/wp\/v2\/posts\/63316","targetHints":{"allow":["GET"]}}],"collection":[{"href":"https:\/\/zonaroja.com.mx\/index.php?rest_route=\/wp\/v2\/posts"}],"about":[{"href":"https:\/\/zonaroja.com.mx\/index.php?rest_route=\/wp\/v2\/types\/post"}],"author":[{"embeddable":true,"href":"https:\/\/zonaroja.com.mx\/index.php?rest_route=\/wp\/v2\/users\/2"}],"replies":[{"embeddable":true,"href":"https:\/\/zonaroja.com.mx\/index.php?rest_route=%2Fwp%2Fv2%2Fcomments&post=63316"}],"version-history":[{"count":1,"href":"https:\/\/zonaroja.com.mx\/index.php?rest_route=\/wp\/v2\/posts\/63316\/revisions"}],"predecessor-version":[{"id":63317,"href":"https:\/\/zonaroja.com.mx\/index.php?rest_route=\/wp\/v2\/posts\/63316\/revisions\/63317"}],"wp:featuredmedia":[{"embeddable":true,"href":"https:\/\/zonaroja.com.mx\/index.php?rest_route=\/wp\/v2\/media\/41735"}],"wp:attachment":[{"href":"https:\/\/zonaroja.com.mx\/index.php?rest_route=%2Fwp%2Fv2%2Fmedia&parent=63316"}],"wp:term":[{"taxonomy":"category","embeddable":true,"href":"https:\/\/zonaroja.com.mx\/index.php?rest_route=%2Fwp%2Fv2%2Fcategories&post=63316"},{"taxonomy":"post_tag","embeddable":true,"href":"https:\/\/zonaroja.com.mx\/index.php?rest_route=%2Fwp%2Fv2%2Ftags&post=63316"}],"curies":[{"name":"wp","href":"https:\/\/api.w.org\/{rel}","templated":true}]}}