{"id":6332,"date":"2019-12-04T09:17:01","date_gmt":"2019-12-04T15:17:01","guid":{"rendered":"http:\/\/www.zonaroja.com.mx\/?p=6332"},"modified":"2019-12-04T09:18:37","modified_gmt":"2019-12-04T15:18:37","slug":"por-negligencias-y-omisiones-en-caso-de-estudiante-desaparecido-juzgaran-a-fiscal-de-oaxaca","status":"publish","type":"post","link":"https:\/\/zonaroja.com.mx\/?p=6332","title":{"rendered":"Por negligencias y omisiones en caso de estudiante desaparecido, juzgar\u00e1n a fiscal de Oaxaca"},"content":{"rendered":"\n<p>Redacci\u00f3n\/Zona Roja Cdmx.<\/p>\n\n\n\n<p>Ciudad de M\u00e9xico, 4 de diciembre de\n2019.- Debido a irregularidades, negligencias y omisiones de la Fiscal\u00eda\nGeneral del Estado en el caso de Jes\u00fas Israel Moreno P\u00e9rez, estudiante de la\nUNAM desaparecido en Oaxaca en 2011, abogados de la familia pedir\u00e1n juicio contra\nel fiscal de esta entidad, Rub\u00e9n Vasconcelos M\u00e9ndez.<\/p>\n\n\n\n<p>Ayer en la capital del pa\u00eds, en\nconferencia de prensa se presentaron diversos testimonios y pruebas de las\nm\u00faltiples irregularidades en que incurri\u00f3 la entonces Procuradur\u00eda General de\nJusticia y la hoy Fiscal\u00eda General del Estado de Oaxaca.<\/p>\n\n\n\n<p>Desde la desaparici\u00f3n de su hijo, los\npadres del estudiante han luchado contra la indiferencia y negligencia de las\nautoridades ya que al d\u00eda de hoy no existe ni un m\u00ednimo avance en las\ninvestigaciones, acusaron.<\/p>\n\n\n\n<p>Guillermo Naranjo, abogado del caso y\nmiembro de Idheas, explic\u00f3 que las instituciones no han actuado de manera\neficiente.<\/p>\n\n\n\n<p>\u201cSabemos que obstruyen el acceso a la\nverdad ya que hay tres personas bajo proceso penal que fueron torturadas para\nconfesar el asesinato de Jes\u00fas, bajo esta premisa, el estado de Oaxaca se\u00f1ala\nque ya cumplieron, pero por la falta de trabajo, ya se busca demandar\ndirectamente al fiscal Rub\u00e9n Vasconcelos M\u00e9ndez\u201d, expuso Naranjo.<\/p>\n\n\n\n<p>Confirmaron que el Estado mexicano\nviol\u00f3 el derecho a la vida de Jes\u00fas Israel, desaparecido en julio de 2011 en\nChacahua, cuando realizaba un viaje de investigaci\u00f3n con fines acad\u00e9micos,\ndetermin\u00f3 el Comit\u00e9 de Derechos Humanos de las Naciones Unidas.<\/p>\n\n\n\n<p>Juan Carlos Guti\u00e9rrez, director de la\norganizaci\u00f3n de estrategia legal Idheas, explic\u00f3 que dicho dictamen es un\nprecedente a nivel internacional ya que por primera vez el Comit\u00e9 de la ONU\nse\u00f1ala que la investigaci\u00f3n efectiva debe ser considerada como una obligaci\u00f3n\ninherente del derecho a la vida.<\/p>\n\n\n\n<p>Mencion\u00f3 que se tuvo que recurrir a una\ninstancia internacional debido a que ning\u00fan nivel de las autoridades mexicanas\ndemostr\u00f3 inter\u00e9s por resolver el caso y obstaculizaron el proceso de acceso a\nla verdad.<\/p>\n\n\n\n<p>\u201cHay muchas irregularidades que no\npermiten que se llegue a conocer lo que pas\u00f3 con Jes\u00fas. Desde hace cinco a\u00f1os\ndetectamos montaje de evidencia, fabricaci\u00f3n de culpables e incluso el intento\nde entregar un acta de defunci\u00f3n sin que el cad\u00e1ver se haya encontrado\u201d, afirm\u00f3\nel director de Idheas.<\/p>\n\n\n\n<p>AUSENCIA SIGUE DOLIENDO<\/p>\n\n\n\n<p>\u201cNo quisiera estar aqu\u00ed, cada vez\nresulta m\u00e1s dif\u00edcil enfrentarlo, Israel era un joven universitario del Colegio\nde Geograf\u00eda de la UNAM, sali\u00f3 a Oaxaca para ver diferentes culturas de los\npueblos originarios; pero el viaje, como su futuro, fueron truncados\u201d, relat\u00f3\nCarlos Moreno, padre del estudiante.<\/p>\n\n\n\n<p>Con voz entrecortada y fotograf\u00edas de\nsu hijo frente a \u00e9l, Carlos asegur\u00f3 que gran parte de los primeros indicios\nsobre qu\u00e9 pas\u00f3 con Jes\u00fas se obtuvieron por su iniciativa y no por el trabajo de\nlas autoridades.<\/p>\n\n\n\n<p>Carlos Moreno acus\u00f3 a la Procuradur\u00eda\noaxaque\u00f1a de caer en el cinismo, simulaci\u00f3n, omisi\u00f3n y negligencia al querer\ndarle carpetazo y cerrar el caso sin haber llevado a cabo una verdadera\nb\u00fasqueda en campo para encontrar a su hijo.<\/p>\n\n\n\n<p>\u201cHubo omisiones y simulaciones de todas\nlas autoridades, desde 2014 hay denuncias penales y a la fecha no hay ning\u00fan\nfuncionario p\u00fablico sancionado, ni perito, ni polic\u00eda, ning\u00fan responsable de\nese montaje y decir que mi hijo est\u00e1 muerto, pero nosotros no lo aceptamos. Sin\ncuerpo, \u00e9l sigue estando desaparecido y su deber es buscarlo\u201d, exigi\u00f3.<\/p>\n\n\n\n<p>Jes\u00fas Pe\u00f1a, representante adjunto de la\nONU-M\u00e9xico, dijo que la desaparici\u00f3n de Jes\u00fas Israel ilustra de manera lamentable\nlo que viven las familias de los m\u00e1s de 40 mil desaparecidos en M\u00e9xico.<\/p>\n\n\n\n<p>\u201cLo preocupante de este caso en\nespec\u00edfico es que las investigaciones se dilataron injustificadamente, el Estado\ndebe esclarecer este caso porque es su responsabilidad garantizar el derecho a\nla vida de todos los mexicanos\u201d, sostuvo.<\/p>\n\n\n\n<p>Pe\u00f1a mencion\u00f3 que para la resoluci\u00f3n\ndel caso, el Estado mexicano deber\u00e1 reparar el da\u00f1o mediante una investigaci\u00f3n\npronta, efectiva, independiente, imparcial y transparente sobre las\ncircunstancias en las que el joven desapareci\u00f3.<\/p>\n\n\n\n<p>Tambi\u00e9n deber\u00e1 proporcionar a los\nfamiliares informaci\u00f3n detallada sobre los resultados de la investigaci\u00f3n,\nadem\u00e1s de procesar y sancionar cualquier intervenci\u00f3n de agentes estatales que\nhayan podido entorpecer la efectividad de los procesos de b\u00fasqueda y\nlocalizaci\u00f3n.<\/p>\n\n\n\n<p>(Con informaci\u00f3n de agencias informativas)<\/p>\n","protected":false},"excerpt":{"rendered":"<p>Redacci\u00f3n\/Zona Roja Cdmx. Ciudad de M\u00e9xico, 4 de diciembre de 2019.- Debido a irregularidades, negligencias&hellip;<\/p>\n","protected":false},"author":2,"featured_media":6333,"comment_status":"closed","ping_status":"open","sticky":false,"template":"","format":"standard","meta":{"_lmt_disableupdate":"","_lmt_disable":"","_jetpack_memberships_contains_paid_content":false,"footnotes":""},"categories":[109,51],"tags":[494,1092,170],"class_list":["post-6332","post","type-post","status-publish","format-standard","has-post-thumbnail","hentry","category-minuto-a-minuto","category-zona-roja","tag-fiscalia-general-del-estado-de-oaxaca","tag-jesus-israel-moreno","tag-ruben-vasconcelos-mendez"],"jetpack_featured_media_url":"https:\/\/zonaroja.com.mx\/wp-content\/uploads\/2019\/12\/Jes\u00fas-Israel-Moreno2.jpg","jetpack_sharing_enabled":true,"_links":{"self":[{"href":"https:\/\/zonaroja.com.mx\/index.php?rest_route=\/wp\/v2\/posts\/6332","targetHints":{"allow":["GET"]}}],"collection":[{"href":"https:\/\/zonaroja.com.mx\/index.php?rest_route=\/wp\/v2\/posts"}],"about":[{"href":"https:\/\/zonaroja.com.mx\/index.php?rest_route=\/wp\/v2\/types\/post"}],"author":[{"embeddable":true,"href":"https:\/\/zonaroja.com.mx\/index.php?rest_route=\/wp\/v2\/users\/2"}],"replies":[{"embeddable":true,"href":"https:\/\/zonaroja.com.mx\/index.php?rest_route=%2Fwp%2Fv2%2Fcomments&post=6332"}],"version-history":[{"count":2,"href":"https:\/\/zonaroja.com.mx\/index.php?rest_route=\/wp\/v2\/posts\/6332\/revisions"}],"predecessor-version":[{"id":6335,"href":"https:\/\/zonaroja.com.mx\/index.php?rest_route=\/wp\/v2\/posts\/6332\/revisions\/6335"}],"wp:featuredmedia":[{"embeddable":true,"href":"https:\/\/zonaroja.com.mx\/index.php?rest_route=\/wp\/v2\/media\/6333"}],"wp:attachment":[{"href":"https:\/\/zonaroja.com.mx\/index.php?rest_route=%2Fwp%2Fv2%2Fmedia&parent=6332"}],"wp:term":[{"taxonomy":"category","embeddable":true,"href":"https:\/\/zonaroja.com.mx\/index.php?rest_route=%2Fwp%2Fv2%2Fcategories&post=6332"},{"taxonomy":"post_tag","embeddable":true,"href":"https:\/\/zonaroja.com.mx\/index.php?rest_route=%2Fwp%2Fv2%2Ftags&post=6332"}],"curies":[{"name":"wp","href":"https:\/\/api.w.org\/{rel}","templated":true}]}}