{"id":63326,"date":"2023-12-18T12:23:00","date_gmt":"2023-12-18T18:23:00","guid":{"rendered":"http:\/\/www.zonaroja.com.mx\/?p=63326"},"modified":"2023-12-18T08:24:08","modified_gmt":"2023-12-18T14:24:08","slug":"sin-aprobar-ningun-edil-de-oaxaca-por-desempeno-durante-2023-rubrum","status":"publish","type":"post","link":"https:\/\/zonaroja.com.mx\/?p=63326","title":{"rendered":"Sin aprobar, ning\u00fan edil de Oaxaca por desempe\u00f1o durante 2023: Rubrum"},"content":{"rendered":"\n<p>Yuridiana Sosa\/Zona Roja.<\/p>\n\n\n\n<p>Oaxaca de Ju\u00e1rez, Oax., a 18 de diciembre de 2023.- El desempe\u00f1o de los ediles de los municipios de Oaxaca de Ju\u00e1rez, Santa Cruz Xoxocotl\u00e1n, San Juan Bautista Tuxtepec y Juchit\u00e1n de Zaragoza, durante este a\u00f1o fue evaluado por la ciudadan\u00eda y ninguno obtuvo una calificaci\u00f3n aprobatoria, revel\u00f3 la encuestadora Rubrum.<\/p>\n\n\n\n<p>La \u201cEvaluaci\u00f3n ciudadana de alcaldes, Oaxaca, promedio anual\u201d, contempla los rubros del trabajo realizado por el edil; servicios p\u00fablicos municipales; cercan\u00eda con la poblaci\u00f3n y percepci\u00f3n de seguridad ciudadana, en que la calificaci\u00f3n m\u00e1xima es 9 y m\u00ednima 1; donde en Oaxaca la m\u00e1xima fue de 5.75.<\/p>\n\n\n\n<p>El presidente municipal de Tuxtepec, en la regi\u00f3n Cuenca, Irineo Molina Espinoza, por el partido Morena recibi\u00f3 la mayor calificaci\u00f3n entre sus hom\u00f3logos por el trabajo realizado en 2023, con un promedio de 5.75.&nbsp; En la lista sigui\u00f3 el edil de Oaxaca de Ju\u00e1rez, en Valles Centrales, Francisco Mart\u00ednez Neri, de Morena, con 5.09.<\/p>\n\n\n\n<p>El tercer lugar fue para Juchit\u00e1n de Zaragoza, en el Istmo, en donde a\u00fan en la encuesta se considera a Emilio Montero P\u00e9rez por el Partido del Trabajo \u2013pese a que ya se desempe\u00f1a como director del IEEPO en el gobierno estatal- , quien recibi\u00f3 4.32 y en cuarto lugar, Inocente Castellanos del PRD por el municipio de Santa Cruz Xoxocotl\u00e1n, con 4.24, tambi\u00e9n de Valles Centrales.<\/p>\n\n\n\n<p>Por servicios municipales, la lista la encabeza Tuxtepec, con 5.56 de calificaci\u00f3n, seguido de Oaxaca de Ju\u00e1rez, con 4.97; Xoxocotl\u00e1n, 4.19 y Juchit\u00e1n de Zaragoza, 4.18 puntos.<\/p>\n\n\n\n<p>Desde el punto de vista de los gobernados tambi\u00e9n se evalu\u00f3 la cercan\u00eda del alcalde con la ciudadan\u00eda. En este rubro, Irineo Molina de Tuxtepec calific\u00f3 con 5.64; Francisco Mart\u00ednez Neri de la capital oaxaque\u00f1a, 5.04; Inocente Castellanos de Xoxocotl\u00e1n, 4.31 y Emilio Montero de Juchit\u00e1n, 4.10.<\/p>\n\n\n\n<p>La percepci\u00f3n ciudadana de la seguridad fue el rubro que gener\u00f3 las &nbsp;calificaciones m\u00e1s bajas. Bajo la pregunta \u00bfQu\u00e9 tan seguro se siente usted en su ciudad?, en Tuxtepec la poblaci\u00f3n otorg\u00f3 una calificaci\u00f3n de 5.28; en Oaxaca de Ju\u00e1rez, 5.6; en Santa Cruz Xoxocotl\u00e1n, 3.91 y en Juchit\u00e1n de Zaragoza, 3.51.<\/p>\n","protected":false},"excerpt":{"rendered":"<p>Yuridiana Sosa\/Zona Roja. Oaxaca de Ju\u00e1rez, Oax., a 18 de diciembre de 2023.- El desempe\u00f1o&hellip;<\/p>\n","protected":false},"author":2,"featured_media":52627,"comment_status":"closed","ping_status":"open","sticky":false,"template":"","format":"standard","meta":{"_lmt_disableupdate":"","_lmt_disable":"","_jetpack_memberships_contains_paid_content":false,"footnotes":""},"categories":[109,47],"tags":[],"class_list":["post-63326","post","type-post","status-publish","format-standard","has-post-thumbnail","hentry","category-minuto-a-minuto","category-zona-gris"],"jetpack_featured_media_url":"https:\/\/zonaroja.com.mx\/wp-content\/uploads\/2023\/03\/Ediles-baston-de-mando-presidentes.jpg","jetpack_sharing_enabled":true,"_links":{"self":[{"href":"https:\/\/zonaroja.com.mx\/index.php?rest_route=\/wp\/v2\/posts\/63326","targetHints":{"allow":["GET"]}}],"collection":[{"href":"https:\/\/zonaroja.com.mx\/index.php?rest_route=\/wp\/v2\/posts"}],"about":[{"href":"https:\/\/zonaroja.com.mx\/index.php?rest_route=\/wp\/v2\/types\/post"}],"author":[{"embeddable":true,"href":"https:\/\/zonaroja.com.mx\/index.php?rest_route=\/wp\/v2\/users\/2"}],"replies":[{"embeddable":true,"href":"https:\/\/zonaroja.com.mx\/index.php?rest_route=%2Fwp%2Fv2%2Fcomments&post=63326"}],"version-history":[{"count":1,"href":"https:\/\/zonaroja.com.mx\/index.php?rest_route=\/wp\/v2\/posts\/63326\/revisions"}],"predecessor-version":[{"id":63327,"href":"https:\/\/zonaroja.com.mx\/index.php?rest_route=\/wp\/v2\/posts\/63326\/revisions\/63327"}],"wp:featuredmedia":[{"embeddable":true,"href":"https:\/\/zonaroja.com.mx\/index.php?rest_route=\/wp\/v2\/media\/52627"}],"wp:attachment":[{"href":"https:\/\/zonaroja.com.mx\/index.php?rest_route=%2Fwp%2Fv2%2Fmedia&parent=63326"}],"wp:term":[{"taxonomy":"category","embeddable":true,"href":"https:\/\/zonaroja.com.mx\/index.php?rest_route=%2Fwp%2Fv2%2Fcategories&post=63326"},{"taxonomy":"post_tag","embeddable":true,"href":"https:\/\/zonaroja.com.mx\/index.php?rest_route=%2Fwp%2Fv2%2Ftags&post=63326"}],"curies":[{"name":"wp","href":"https:\/\/api.w.org\/{rel}","templated":true}]}}