{"id":63335,"date":"2023-12-18T13:44:16","date_gmt":"2023-12-18T19:44:16","guid":{"rendered":"http:\/\/www.zonaroja.com.mx\/?p=63335"},"modified":"2023-12-18T13:44:17","modified_gmt":"2023-12-18T19:44:17","slug":"resurgen-violencia-y-acusaciones-en-zona-triqui-otro-muerto","status":"publish","type":"post","link":"https:\/\/zonaroja.com.mx\/?p=63335","title":{"rendered":"Resurgen violencia y acusaciones en zona Triqui: otro muerto"},"content":{"rendered":"\n<p>Yuridiana Sosa\/Zona Roja.<\/p>\n\n\n\n<p>Oaxaca de Ju\u00e1rez, Oax., a 18 de diciembre de 2023.- La organizaci\u00f3n Movimiento de Unificaci\u00f3n y Lucha Triqui (MULT) denunci\u00f3 esta ma\u00f1ana la ejecuci\u00f3n de otro de sus militantes en la comunidad de Tierra Blanca Copala, municipio de Santiago Juxtlahuaca, y de lo cual culp\u00f3 al MULTI.<\/p>\n\n\n\n<p>M\u00e1s tarde, en conferencia matutina a cargo del gobernador Salom\u00f3n Jara Cruz, el secretario de Seguridad P\u00fablica y Protecci\u00f3n Ciudadana, Iv\u00e1n Garc\u00eda \u00c1lvarez, confirm\u00f3 el hecho ocurrido en la zona Triqui de la regi\u00f3n Mixteca de Oaxaca.<\/p>\n\n\n\n<p>A trav\u00e9s de su cuenta de X, antes Twitter, el MULT inform\u00f3 que a las 07:30 horas se registr\u00f3 el ataque armado a la comunidad de Tierra Blanca Copala, el que muri\u00f3 su compa\u00f1ero Humberto Cruz Ortiz. <\/p>\n\n\n\n<p>\u201cExigimos en\u00e9rgicamente castigo contra los asesinos y contra los autores intelectuales. Ya basta de los asesinatos contra nuestros compa\u00f1eros de Tierra Blanca\u201d, sentenci\u00f3.<\/p>\n\n\n\n<p>Por su parte, el titular de la SSPyPC confirm\u00f3 el hecho armado en la zona triqui, del que en un primer momento se desconoci\u00f3 si se trataba de un enfrentamiento o de disparos al aire, por lo que asisti\u00f3 la Polic\u00eda Estatal.<\/p>\n\n\n\n<p>Sin embargo, debido a que en la poblaci\u00f3n de Tierra Blanca Copala se niega el acceso a la Polic\u00eda Estatal, los elementos no han ingresado; m\u00e1s tarde, mediante comunicaci\u00f3n telef\u00f3nica con integrantes del MULT, se confirm\u00f3 del deceso de una persona de esa organizaci\u00f3n.<\/p>\n\n\n\n<p>Garc\u00eda \u00c1lvarez indic\u00f3 que debido a la falta de acceso no se cuentan con mayores detalles, as\u00ed como que personal de la Fiscal\u00eda General del Estado tampoco ha podido ingresar a la comunidad para realizar las diligencias correspondientes.<\/p>\n\n\n\n<p>OTRO ATAQUE<\/p>\n\n\n\n<p>A principios del mes de diciembre, el MULT denunci\u00f3 otro asesinato contra sus militantes, motivo por el que iniciaron una jornada de protesta.<\/p>\n\n\n\n<p>En septiembre de este a\u00f1o la organizaci\u00f3n inform\u00f3 sobre unas 37 v\u00edctimas de ataques armados en comunidades y personas afines a su grupo, por lo que exige justicia a los gobiernos estatal y federal.<\/p>\n","protected":false},"excerpt":{"rendered":"<p>Yuridiana Sosa\/Zona Roja. Oaxaca de Ju\u00e1rez, Oax., a 18 de diciembre de 2023.- La organizaci\u00f3n&hellip;<\/p>\n","protected":false},"author":2,"featured_media":63334,"comment_status":"closed","ping_status":"open","sticky":false,"template":"","format":"standard","meta":{"_lmt_disableupdate":"","_lmt_disable":"","_jetpack_memberships_contains_paid_content":false,"footnotes":""},"categories":[109,51],"tags":[],"class_list":["post-63335","post","type-post","status-publish","format-standard","has-post-thumbnail","hentry","category-minuto-a-minuto","category-zona-roja"],"jetpack_featured_media_url":"https:\/\/zonaroja.com.mx\/wp-content\/uploads\/2023\/12\/img_0988-1.jpg","jetpack_sharing_enabled":true,"_links":{"self":[{"href":"https:\/\/zonaroja.com.mx\/index.php?rest_route=\/wp\/v2\/posts\/63335","targetHints":{"allow":["GET"]}}],"collection":[{"href":"https:\/\/zonaroja.com.mx\/index.php?rest_route=\/wp\/v2\/posts"}],"about":[{"href":"https:\/\/zonaroja.com.mx\/index.php?rest_route=\/wp\/v2\/types\/post"}],"author":[{"embeddable":true,"href":"https:\/\/zonaroja.com.mx\/index.php?rest_route=\/wp\/v2\/users\/2"}],"replies":[{"embeddable":true,"href":"https:\/\/zonaroja.com.mx\/index.php?rest_route=%2Fwp%2Fv2%2Fcomments&post=63335"}],"version-history":[{"count":1,"href":"https:\/\/zonaroja.com.mx\/index.php?rest_route=\/wp\/v2\/posts\/63335\/revisions"}],"predecessor-version":[{"id":63336,"href":"https:\/\/zonaroja.com.mx\/index.php?rest_route=\/wp\/v2\/posts\/63335\/revisions\/63336"}],"wp:featuredmedia":[{"embeddable":true,"href":"https:\/\/zonaroja.com.mx\/index.php?rest_route=\/wp\/v2\/media\/63334"}],"wp:attachment":[{"href":"https:\/\/zonaroja.com.mx\/index.php?rest_route=%2Fwp%2Fv2%2Fmedia&parent=63335"}],"wp:term":[{"taxonomy":"category","embeddable":true,"href":"https:\/\/zonaroja.com.mx\/index.php?rest_route=%2Fwp%2Fv2%2Fcategories&post=63335"},{"taxonomy":"post_tag","embeddable":true,"href":"https:\/\/zonaroja.com.mx\/index.php?rest_route=%2Fwp%2Fv2%2Ftags&post=63335"}],"curies":[{"name":"wp","href":"https:\/\/api.w.org\/{rel}","templated":true}]}}