{"id":63343,"date":"2023-12-18T20:40:38","date_gmt":"2023-12-19T02:40:38","guid":{"rendered":"http:\/\/www.zonaroja.com.mx\/?p=63343"},"modified":"2023-12-18T20:40:40","modified_gmt":"2023-12-19T02:40:40","slug":"rechaza-jara-que-haya-dedicatoria-en-reforma-de-gubernatura-de-dos-anos-en-oaxaca","status":"publish","type":"post","link":"https:\/\/zonaroja.com.mx\/?p=63343","title":{"rendered":"Rechaza Jara que haya dedicatoria en reforma de gubernatura de dos a\u00f1os en Oaxaca"},"content":{"rendered":"\n<p>Yuridiana Sosa\/Zona Roja.<\/p>\n\n\n\n<p>Oaxaca de Ju\u00e1rez, Oax., a 18 de diciembre de 2023.- El gobernador de Oaxaca, Salom\u00f3n Jara Cruz, celebr\u00f3 la reforma que homologa las elecciones estatales con las federales y permite un periodo de s\u00f3lo dos a\u00f1os para la pr\u00f3xima gubernatura, la cual rechaz\u00f3 se haya realizado para afectar a las mujeres y en espec\u00edfico a la senadora Susana Harp.<\/p>\n\n\n\n<p>Durante su conferencia de prensa de este lunes, el mandatario estatal calific\u00f3 como exageradas las opiniones que se\u00f1alan que es una reforma dirigida a impedir el desempe\u00f1o de Susana Harp, quien presuntamente se perfila como la candidata de Morena para la gubernatura en el pr\u00f3ximo periodo, o en general, contra las mujeres.<\/p>\n\n\n\n<p>A pregunta expresa de los reporteros, Jara Cruz precis\u00f3 que en la pol\u00edtica, las circunstancias pueden cambiar y el objetivo principal es ahorrar recursos p\u00fablicos.<\/p>\n\n\n\n<p>HAY APROBACI\u00d3N<\/p>\n\n\n\n<p>El gobernador Salom\u00f3n Jara indic\u00f3 que la iniciativa de reforma, aprobada por la 65 Legislatura de Oaxaca el pasado 13 de diciembre, se encontraba en el tintero desde hace varios meses y era parte de un acuerdo con los gobiernos entrantes en diciembre de 2022 para que haya elecciones concurrentes.<\/p>\n\n\n\n<p>\u201cEso se debi\u00f3 haber hecho ya hace mucho rato, tiene que ver con muchas cuestiones econ\u00f3micas. Al pueblo le cuesta muy caro un proceso electoral\u2026Entonces hacer concurrentes los procesos electorales tendr\u00edamos un ahorro y pues ese fue el objetivo de este proceso de homologaci\u00f3n\u201d, subray\u00f3.<\/p>\n\n\n\n<p>Jara Cruz defendi\u00f3 que el cambio a s\u00f3lo dos a\u00f1os se haya dado \u201cantes de (la designaci\u00f3n de los aspirantes), porque nadie puede saber, nadie puede conocer que va dise\u00f1ado o proyectado por alguien\u201d.<\/p>\n\n\n\n<figure class=\"wp-block-embed\"><div class=\"wp-block-embed__wrapper\">\nhttps:\/\/x.com\/ZonaRoja_Oaxaca\/status\/1736937271167795451?s=20\n<\/div><\/figure>\n\n\n\n<p>Y agreg\u00f3: \u201cMe da mucho gusto que Oaxaca forme parte de los estados que hoy se integran a los estados de nuestro pa\u00eds para que los procesos sean concurrentes y en el 2030 tengamos ya la concurrencia a nivel federal\u201d.<\/p>\n\n\n\n<p>SIN DEDICATORIA<\/p>\n\n\n\n<p>Sobre las presunciones que al interior del partido Morena se realizan sobre lanzar a Susana Harp a la gubernatura para el pr\u00f3ximo periodo, y la afectaci\u00f3n que tendr\u00eda la reforma electoral para su desarrollo como mandataria, el gobernador Jara Cruz asever\u00f3 que son exagerados y anticipados esos se\u00f1alamientos.<\/p>\n\n\n\n<p>\u201cLamento mucho estas opiniones exageradas porque nadie sabe qu\u00e9 va a pasar. Yo lo que estoy previendo es que tiene que haber un ahorro y es un asunto que nosotros ya lo hab\u00edamos previsto desde hace mucho rato\u201d, precis\u00f3.<\/p>\n\n\n\n<p>Jara Cruz asever\u00f3: \u201cYo no puedo decirte que eso est\u00e9 en la dedicatoria. No\u2026 hay muchas compa\u00f1eras aqu\u00ed mismo (en el gabinete estatal), est\u00e1 la maestra Delfina, est\u00e1 Karina Bar\u00f3n\u2026\u201d<\/p>\n\n\n\n<p>Sobre el presunto proceso que la diputada de Morena, Concepci\u00f3n Rueda, -simpatizante de Susana Harp- realice ante los Tribunales para echar abajo la reforma, el gobernador dijo que est\u00e1 en su derecho, pero \u201cla verdad es que es una exagerada opini\u00f3n\u201d.<\/p>\n\n\n\n<p>Sin embargo, Jara Cruz envi\u00f3 un mensaje: \u201cQue no se sienta nadie que ya naci\u00f3 para eso (para gobernar), que su destino manifiesto es que ser\u00e1 m\u00e1s adelante eso, gobernante del estado o gobernante del pa\u00eds, aqu\u00ed no hay nada declarado\u201d.<\/p>\n\n\n\n<p>IGUALDAD<\/p>\n\n\n\n<p>Jara Cruz descart\u00f3 que vaya a implementar acciones contra las aspiraciones de las mujeres para la pr\u00f3xima gubernatura.<\/p>\n\n\n\n<p>Aseguro que es un defensor y promotor de los derechos de las mujeres, muestra de ello ha sido su manifiesto a favor de que una mujer encabezara la Defensor\u00eda de los Derechos Humanos del Pueblo de Oaxaca; que haya igualdad en el Poder Judicial y se designe a una mujer como presidenta del Tribunal Superior de Justicia de Oaxaca.<\/p>\n\n\n\n<p>Pues dijo que los hombres no son los \u00fanicos que puedan acceder a ser gobernantes. \u201cQu\u00e9 no se interprete que somos mis\u00f3ginos y machistas \u201c, expres\u00f3.<\/p>\n","protected":false},"excerpt":{"rendered":"<p>Yuridiana Sosa\/Zona Roja. Oaxaca de Ju\u00e1rez, Oax., a 18 de diciembre de 2023.- El gobernador&hellip;<\/p>\n","protected":false},"author":2,"featured_media":63344,"comment_status":"closed","ping_status":"open","sticky":false,"template":"","format":"standard","meta":{"_lmt_disableupdate":"","_lmt_disable":"","_jetpack_memberships_contains_paid_content":false,"footnotes":""},"categories":[109,46],"tags":[939],"class_list":["post-63343","post","type-post","status-publish","format-standard","has-post-thumbnail","hentry","category-minuto-a-minuto","category-zona-blanca","tag-salomon-jara-cruz"],"jetpack_featured_media_url":"https:\/\/zonaroja.com.mx\/wp-content\/uploads\/2023\/12\/Conferencia-gobernador-Salomon-Jara.jpg","jetpack_sharing_enabled":true,"_links":{"self":[{"href":"https:\/\/zonaroja.com.mx\/index.php?rest_route=\/wp\/v2\/posts\/63343","targetHints":{"allow":["GET"]}}],"collection":[{"href":"https:\/\/zonaroja.com.mx\/index.php?rest_route=\/wp\/v2\/posts"}],"about":[{"href":"https:\/\/zonaroja.com.mx\/index.php?rest_route=\/wp\/v2\/types\/post"}],"author":[{"embeddable":true,"href":"https:\/\/zonaroja.com.mx\/index.php?rest_route=\/wp\/v2\/users\/2"}],"replies":[{"embeddable":true,"href":"https:\/\/zonaroja.com.mx\/index.php?rest_route=%2Fwp%2Fv2%2Fcomments&post=63343"}],"version-history":[{"count":1,"href":"https:\/\/zonaroja.com.mx\/index.php?rest_route=\/wp\/v2\/posts\/63343\/revisions"}],"predecessor-version":[{"id":63345,"href":"https:\/\/zonaroja.com.mx\/index.php?rest_route=\/wp\/v2\/posts\/63343\/revisions\/63345"}],"wp:featuredmedia":[{"embeddable":true,"href":"https:\/\/zonaroja.com.mx\/index.php?rest_route=\/wp\/v2\/media\/63344"}],"wp:attachment":[{"href":"https:\/\/zonaroja.com.mx\/index.php?rest_route=%2Fwp%2Fv2%2Fmedia&parent=63343"}],"wp:term":[{"taxonomy":"category","embeddable":true,"href":"https:\/\/zonaroja.com.mx\/index.php?rest_route=%2Fwp%2Fv2%2Fcategories&post=63343"},{"taxonomy":"post_tag","embeddable":true,"href":"https:\/\/zonaroja.com.mx\/index.php?rest_route=%2Fwp%2Fv2%2Ftags&post=63343"}],"curies":[{"name":"wp","href":"https:\/\/api.w.org\/{rel}","templated":true}]}}