{"id":63348,"date":"2023-12-19T09:30:00","date_gmt":"2023-12-19T15:30:00","guid":{"rendered":"http:\/\/www.zonaroja.com.mx\/?p=63348"},"modified":"2023-12-19T07:54:10","modified_gmt":"2023-12-19T13:54:10","slug":"asesinan-a-lider-ganadero-en-zacatecas-y-secuestran-a-coordinador-indigena-en-nayarit","status":"publish","type":"post","link":"https:\/\/zonaroja.com.mx\/?p=63348","title":{"rendered":"Asesinan a l\u00edder ganadero en Zacatecas y secuestran a coordinador ind\u00edgena en Nayarit"},"content":{"rendered":"\n<p>Redacci\u00f3n\/Zona Roja Cdmx.<\/p>\n\n\n\n<p>Ciudad de M\u00e9xico, a 19 de diciembre de 2023.- Zacatecas y Nayarit amanecieron \u2018tensos\u2019 este lunes 18 de diciembre debido al asesinato del presidente de la Uni\u00f3n Ganadera de Zacatecas (UGRZ) Cuauht\u00e9moc Rayas Escobedo y el secuestro de l\u00edder tradicional Maurilio Ram\u00edrez Aguilar.<\/p>\n\n\n\n<p>Cuauht\u00e9moc Rayas Escobedo fue asesinado, la ma\u00f1ana de este lunes, dentro de una cl\u00ednica veterinaria en la avenida San Marcos, Zacatecas, por un grupo de personas armadas que ingresaron al lugar y lo atacaron a balazos.<\/p>\n\n\n\n<p>El anuncio fue difundido por el Fiscal General de Justicia del Estado, Cristian Camacho Osnaya, hacia el secretario de Gobierno de la entidad, Rodrigo Reyes Mug\u00fcerza.<\/p>\n\n\n\n<p>Rodrigo Reyes anunci\u00f3 que las fuerzas del orden implementaron un operativo para dar con los responsables del asesinato y se\u00f1al\u00f3 que las autoridades no desistir\u00e1n en el proceso de pacificaci\u00f3n de Zacatecas y no permitir\u00e1n que ning\u00fan otro caso quede impune.<\/p>\n\n\n\n<p>\u201cDesde el gobierno del estado expresamos nuestra solidaridad con familiares y amigos\u201d, escribi\u00f3 Reyes Mug\u00fcerza a trav\u00e9s de redes sociales.<\/p>\n\n\n\n<p>Cuauht\u00e9moc Rayas fue electo para desempe\u00f1ar cuatro periodos como presidente de la UGRZ, que agrupa a m\u00e1s de 40 mil socios.<\/p>\n\n\n\n<p>En octubre de 2017,&nbsp;\u00d3scar Rosendo Rayas, su hijo,&nbsp;muri\u00f3 por heridas de arma de fuego, tras un intento de secuestro.<\/p>\n\n\n\n<p>EN NAYARIT<\/p>\n\n\n\n<p>Representantes del pueblo ind\u00edgena de los wix\u00e1rika, en Durango, denunciaron el secuestro del l\u00edder tradicional Maurilio Ram\u00edrez Aguilar, quien fue privado de su libertad el s\u00e1bado 16 de diciembre, cuando se dirig\u00eda a Santa Catarina, Jalisco, para rendir protesta como coordinador General del consejo regional wix\u00e1rika.<\/p>\n\n\n\n<p>Familiares de Maurilio y otros integrantes de la comunidad fueron liberados el domingo con excepci\u00f3n del l\u00edder ind\u00edgena, cuyo paradero se desconoce. Por ello, las autoridades tradicionales, civiles, agrarias y habitantes de Bancos de Calitique exigieron la presentaci\u00f3n con vida del l\u00edder.<\/p>\n\n\n\n<p>En un oficio dirigido al gobierno federal y a los estatales de Nayarit, Durango, Zacatecas y Jalisco, los habitantes de la comunidad wixaritari tambi\u00e9n exigieron seguridad en la regi\u00f3n y solicitaron que se instalen cuarteles de las polic\u00edas estatales.<\/p>\n\n\n\n<p>(Informaci\u00f3n de \u201cEl Financiero\u201d)<\/p>\n","protected":false},"excerpt":{"rendered":"<p>Redacci\u00f3n\/Zona Roja Cdmx. Ciudad de M\u00e9xico, a 19 de diciembre de 2023.- Zacatecas y Nayarit&hellip;<\/p>\n","protected":false},"author":2,"featured_media":63349,"comment_status":"closed","ping_status":"open","sticky":false,"template":"","format":"standard","meta":{"_lmt_disableupdate":"","_lmt_disable":"","_jetpack_memberships_contains_paid_content":false,"footnotes":""},"categories":[109,51],"tags":[1746],"class_list":["post-63348","post","type-post","status-publish","format-standard","has-post-thumbnail","hentry","category-minuto-a-minuto","category-zona-roja","tag-violencia-en-mexico"],"jetpack_featured_media_url":"https:\/\/zonaroja.com.mx\/wp-content\/uploads\/2023\/12\/Asesinan-ganadero-Zacatecas.jpg","jetpack_sharing_enabled":true,"_links":{"self":[{"href":"https:\/\/zonaroja.com.mx\/index.php?rest_route=\/wp\/v2\/posts\/63348","targetHints":{"allow":["GET"]}}],"collection":[{"href":"https:\/\/zonaroja.com.mx\/index.php?rest_route=\/wp\/v2\/posts"}],"about":[{"href":"https:\/\/zonaroja.com.mx\/index.php?rest_route=\/wp\/v2\/types\/post"}],"author":[{"embeddable":true,"href":"https:\/\/zonaroja.com.mx\/index.php?rest_route=\/wp\/v2\/users\/2"}],"replies":[{"embeddable":true,"href":"https:\/\/zonaroja.com.mx\/index.php?rest_route=%2Fwp%2Fv2%2Fcomments&post=63348"}],"version-history":[{"count":1,"href":"https:\/\/zonaroja.com.mx\/index.php?rest_route=\/wp\/v2\/posts\/63348\/revisions"}],"predecessor-version":[{"id":63350,"href":"https:\/\/zonaroja.com.mx\/index.php?rest_route=\/wp\/v2\/posts\/63348\/revisions\/63350"}],"wp:featuredmedia":[{"embeddable":true,"href":"https:\/\/zonaroja.com.mx\/index.php?rest_route=\/wp\/v2\/media\/63349"}],"wp:attachment":[{"href":"https:\/\/zonaroja.com.mx\/index.php?rest_route=%2Fwp%2Fv2%2Fmedia&parent=63348"}],"wp:term":[{"taxonomy":"category","embeddable":true,"href":"https:\/\/zonaroja.com.mx\/index.php?rest_route=%2Fwp%2Fv2%2Fcategories&post=63348"},{"taxonomy":"post_tag","embeddable":true,"href":"https:\/\/zonaroja.com.mx\/index.php?rest_route=%2Fwp%2Fv2%2Ftags&post=63348"}],"curies":[{"name":"wp","href":"https:\/\/api.w.org\/{rel}","templated":true}]}}